{"id":184816,"date":"2019-12-03T11:39:24","date_gmt":"2019-12-03T14:39:24","guid":{"rendered":"https:\/\/www.redenoticia.com.br\/noticia\/?p=184816"},"modified":"2019-12-03T13:03:47","modified_gmt":"2019-12-03T16:03:47","slug":"novela-bom-sucesso-paloma-sofre-com-atitude-de-marcos","status":"publish","type":"post","link":"https:\/\/migracao.redenoticia.com.br\/noticia\/2019\/novela-bom-sucesso-paloma-sofre-com-atitude-de-marcos\/184816","title":{"rendered":"Novela \u201cBom Sucesso\u201d: Paloma sofre com atitude de Marcos"},"content":{"rendered":"<p><img loading=\"lazy\" decoding=\"async\" src=\"https:\/\/migracao.redenoticia.com.br\/noticia\/imagens\/Bom-Sucesso-resumo-novela-01-306x300.jpg\" alt=\"\" width=\"306\" height=\"300\" class=\"aligncenter size-large wp-image-179430\" srcset=\"https:\/\/migracao.redenoticia.com.br\/noticia\/imagens\/Bom-Sucesso-resumo-novela-01-306x300.jpg 306w, https:\/\/migracao.redenoticia.com.br\/noticia\/imagens\/Bom-Sucesso-resumo-novela-01-191x187.jpg 191w, https:\/\/migracao.redenoticia.com.br\/noticia\/imagens\/Bom-Sucesso-resumo-novela-01.jpg 539w\" sizes=\"auto, (max-width: 306px) 100vw, 306px\" \/> <strong><em>Novela \u201cBom Sucesso\u201d:<\/em><\/strong> Marcos (Romulo Estrela) desconfia que Alberto (Antonio Fagundes) est\u00e1 apaixonado por Paloma (Grazi Massafera) e questiona o pai. Alberto assume que tem sentimentos e deixa claro que \u00e9 apenas uma amizade. O empres\u00e1rio sofre um acidente, perde a mem\u00f3ria e s\u00f3 se lembra da cuidadora. Sofia (Valentina Vieira) pede para o tio deixar a Paloma ficar com o seu av\u00f4. Marcos decide se afastar, mas n\u00e3o conta o motivo para Paloma.<\/p>\n<p> Paloma cuida de Alberto e chora: &#8220;Ah, seu Alberto, eu imaginei que esse Don Juan tinha se curado, e que eu era a Dona In\u00eas, uma paix\u00e3o verdadeira, mas era tudo ilus\u00e3o. Ele sempre foi o Peter Pan que n\u00e3o quer crescer e eu a Alice, perdidinha &#8230; eu acho que eu era s\u00f3 mais uma conquista pra ele, e agora que eu me apaixonei de verdade, o Marcos j\u00e1 se cansou de mim. Ele vai me deixar&#8221;.<\/p>\n<p> Alberto questiona Marcos: \u201cEnt\u00e3o, que palha\u00e7ada \u00e9 essa de fazer a Paloma sofrer por minha causa? Eu percebi esse movimento cretino da sua parte, influenciado pela doidivanas Vera e a pobrezinha da Sofia. \u00c9 claro! Seja um pouco realista, Marcos! Voc\u00ea achou mesmo que seria poss\u00edvel que, algum dia, a Paloma se apaixonasse por mim? &#8230; Voc\u00ea e a sua irm\u00e3 sofrem do mesmo mal. Achar que sabem o que \u00e9 melhor para mim! Quem sabe de mim sou eu! A minha felicidade s\u00f3 existe se a Paloma estiver feliz. E ela sem o seu amor, seu imbecil, \u00e9 uma pessoa triste, e isso me destr\u00f3i. \u00c9 isso que voc\u00ea quer?\u201d<\/p>\n<p>Marcos tenta se explicar e Alberto conclui: \u201cAchou errado. O seu esfor\u00e7o \u00e9 in\u00fatil. A Paloma me v\u00ea como um pai, um amigo, um conselheiro, jamais como um amante. E eu nunca tive ilus\u00f5es quanto a isso. O que voc\u00ea fez s\u00f3 serviu pra deixar a coitadinha arrasada, como poucas vezes eu vi. Mas voc\u00ea vai acabar com essa bobagem agora mesmo. Se voc\u00ea quer me ver feliz at\u00e9 a hora da morte, fa\u00e7a a Paloma feliz\u201d, finaliza Alberto. Cena prevista para dia 04 de dezembro na novela \u201cBom Sucesso\u201d.<\/p>\n<p>\u201cBom Sucesso\u201d: a novela trata do valor de cada minuto da vida e traz a mensagem de perseveran\u00e7a, f\u00e9 e garra. Escrita por Rosane Svartman e Paulo Halm e com dire\u00e7\u00e3o art\u00edstica de Luiz Henrique Rios, a sucessora de Ver\u00e3o 90 apresenta a hist\u00f3ria de Paloma (Grazi Massafera), uma mulher determinada, sonhadora e com uma f\u00e9 inabal\u00e1vel.<\/p>\n<p>Costureira, ela trabalha e cria tr\u00eas filhos sozinha. Mora no bairro de Bonsucesso, no sub\u00farbio do Rio de Janeiro, e ama frequentar a quadra da escola de samba da regi\u00e3o, a Unidos de Bom Sucesso. Apesar da dura rotina, Paloma consegue manter uma grande paix\u00e3o: a leitura. E, ao mergulhar no universo dos livros, se transporta para os mundos fant\u00e1sticos que as hist\u00f3rias proporcionam.<\/p>\n","protected":false},"excerpt":{"rendered":"<p>Novela \u201cBom Sucesso\u201d: Marcos (Romulo Estrela) desconfia que Alberto (Antonio Fagundes) est\u00e1 apaixonado por Paloma (Grazi Massafera) e questiona o pai. Alberto assume que tem sentimentos e deixa claro que \u00e9 apenas uma amizade. O empres\u00e1rio sofre um acidente, perde a mem\u00f3ria e s\u00f3 se lembra da cuidadora. Sofia (Valentina Vieira) pede para o tio [&hellip;]<\/p>\n","protected":false},"author":2,"featured_media":179423,"comment_status":"open","ping_status":"closed","sticky":false,"template":"","format":"standard","meta":{"tdm_status":"","tdm_grid_status":"","footnotes":""},"categories":[546,388,379,375,343],"tags":[440],"class_list":{"0":"post-184816","1":"post","2":"type-post","3":"status-publish","4":"format-standard","5":"has-post-thumbnail","7":"category-bom-sucesso","8":"category-destaques","9":"category-novelas","10":"category-rede-globo","11":"category-televisao","12":"tag-noticia-novela"},"_links":{"self":[{"href":"https:\/\/migracao.redenoticia.com.br\/noticia\/wp-json\/wp\/v2\/posts\/184816","targetHints":{"allow":["GET"]}}],"collection":[{"href":"https:\/\/migracao.redenoticia.com.br\/noticia\/wp-json\/wp\/v2\/posts"}],"about":[{"href":"https:\/\/migracao.redenoticia.com.br\/noticia\/wp-json\/wp\/v2\/types\/post"}],"author":[{"embeddable":true,"href":"https:\/\/migracao.redenoticia.com.br\/noticia\/wp-json\/wp\/v2\/users\/2"}],"replies":[{"embeddable":true,"href":"https:\/\/migracao.redenoticia.com.br\/noticia\/wp-json\/wp\/v2\/comments?post=184816"}],"version-history":[{"count":0,"href":"https:\/\/migracao.redenoticia.com.br\/noticia\/wp-json\/wp\/v2\/posts\/184816\/revisions"}],"wp:featuredmedia":[{"embeddable":true,"href":"https:\/\/migracao.redenoticia.com.br\/noticia\/wp-json\/wp\/v2\/media\/179423"}],"wp:attachment":[{"href":"https:\/\/migracao.redenoticia.com.br\/noticia\/wp-json\/wp\/v2\/media?parent=184816"}],"wp:term":[{"taxonomy":"category","embeddable":true,"href":"https:\/\/migracao.redenoticia.com.br\/noticia\/wp-json\/wp\/v2\/categories?post=184816"},{"taxonomy":"post_tag","embeddable":true,"href":"https:\/\/migracao.redenoticia.com.br\/noticia\/wp-json\/wp\/v2\/tags?post=184816"}],"curies":[{"name":"wp","href":"https:\/\/api.w.org\/{rel}","templated":true}]}}