{"id":184865,"date":"2019-11-19T13:24:29","date_gmt":"2019-11-19T16:24:29","guid":{"rendered":"https:\/\/www.redenoticia.com.br\/noticia\/?p=184865"},"modified":"2019-11-19T13:24:29","modified_gmt":"2019-11-19T16:24:29","slug":"resumo-novela-meu-coracao-e-teu-20-11-fernando-descobre-que-os-filhos-fugiram","status":"publish","type":"post","link":"https:\/\/migracao.redenoticia.com.br\/noticia\/2019\/resumo-novela-meu-coracao-e-teu-20-11-fernando-descobre-que-os-filhos-fugiram\/184865","title":{"rendered":"Resumo novela \u201cMeu Cora\u00e7\u00e3o \u00e9 Teu\u201d 20\/11: Fernando descobre que os filhos fugiram"},"content":{"rendered":"<p> <img loading=\"lazy\" decoding=\"async\" class=\"aligncenter size-large wp-image-183929\" src=\"https:\/\/migracao.redenoticia.com.br\/noticia\/imagens\/meu-coracao-e-teu-300x300.jpg\" alt=\"\" width=\"300\" height=\"300\" srcset=\"https:\/\/migracao.redenoticia.com.br\/noticia\/imagens\/meu-coracao-e-teu-300x300.jpg 300w, https:\/\/migracao.redenoticia.com.br\/noticia\/imagens\/meu-coracao-e-teu-187x187.jpg 187w, https:\/\/migracao.redenoticia.com.br\/noticia\/imagens\/meu-coracao-e-teu-150x150.jpg 150w, https:\/\/migracao.redenoticia.com.br\/noticia\/imagens\/meu-coracao-e-teu-140x140.jpg 140w, https:\/\/migracao.redenoticia.com.br\/noticia\/imagens\/meu-coracao-e-teu-85x85.jpg 85w, https:\/\/migracao.redenoticia.com.br\/noticia\/imagens\/meu-coracao-e-teu.jpg 500w\" sizes=\"auto, (max-width: 300px) 100vw, 300px\" \/><\/p>\n<p><strong><em>Resumo da novela \u201cMeu Cora\u00e7\u00e3o \u00e9 Teu\u201d<\/em><\/strong> em 20\/11: no cap\u00edtulo 013(*) da novela, quarta-feira, 20 de novembro, Ana diz a Fernando que ele deve estar mais aberto a entender seus filhos. Natalia discute com Diego, e ele termina a beijando. Nando conta a Helena que Fanny brigou com seu pai e saiu de casa. Helena diz a Nando que ele poderia ir com ela a uma festa, caso a ajude com outro trabalho da escola. Isabela vai buscar Fanny na casa de Leon. Ana d\u00e1 conselhos a Manuela sobre como ela poderia fazer para ganhar Bruno. Fanny exige a Isabela que v\u00e1 embora e n\u00e3o volte a se meter em sua vida. Fernando tenta falar com Fanny por telefone. Fernando confessa a Isabela que se isolou no trabalho na tentativa de esquecer sua falecida esposa.<\/p>\n<p>Fanny se recorda da despedida de sua m\u00e3e e chora. Manuela ignora Bruno e ele se desconcerta. Nando faz uma aposta com Jaime e Andr\u00e9 de que Helena ir\u00e1 com ele a festa. Fernando garante a Leon que sua inten\u00e7\u00e3o nunca foi menosprez\u00e1-lo. Leon garante a Fernando que tentar\u00e1 convencer Fanny a falar com ele. Fanny aceita ver Ana. Enquanto isso as crian\u00e7as pegam um t\u00e1xi para ir visitar Fanny. Fernando diz a Ana que o que ocorreu entre eles no dia anterior foi um grande erro. Fernando confessa a Isabela que sente falta de Fanny. Fernando fala com Nando. Ana v\u00ea Jonnhy e o confessa que j\u00e1 n\u00e3o o ama mais. Ele responde de uma forma grosseira, mas Jennifer a defende. Ana diz a Jennifer que Fernando a beijou e que est\u00e1 apaixonada por ele, mas lhe doeu muito quando ele disse que esse beijo foi um erro.<\/p>\n<p>Fernando diz a Bruno e Nicolas que est\u00e1 se sentindo muito confuso, pois passou uma noite com Isabela, mas n\u00e3o foi capaz de esquecer o beijo que deu em Ana. As crian\u00e7as fogem de casa e v\u00e3o visitar Fanny. Ana percebe a fuga dos pequenos e os faz prometer que nunca mais far\u00e3o isso, pois eles se colocaram em perigo. Ana pede a Fanny que v\u00e1 embora com eles, mas ela n\u00e3o aceita. Ana faz todo o poss\u00edvel para evitar que Fernando descubra o que as crian\u00e7as fizeram, mas a \u201cescapada\u201d das crian\u00e7as vem \u00e0 tona e eles acabam tendo que contar tudo a Fernando.<\/p>\n<p>(*) edi\u00e7\u00e3o do SBT, Novela \u201cMeu Cora\u00e7\u00e3o \u00e9 Teu\u201d, sujeito a altera\u00e7\u00e3o de data e conte\u00fado.<\/p>\n<p>Novela \u201cMeu Cora\u00e7\u00e3o \u00e9 Teu\u201d: Ana Leal \u00e9 uma mulher alegre e otimista. Um desastre destr\u00f3i sua casa e Ana perde tudo o que tem. Fernando Lascur\u00e1in, um prestigiado empres\u00e1rio que se lembra com tristeza que h\u00e1 um ano morreu sua esposa. Fernando \u00e9 o pai de sete filhos: Fanny de 19 anos, Nando de 17 anos, Alicia de 14 anos, Sebasti\u00e3o de 11 anos, os g\u00eameos Alex e Guille de 8 anos e a pequena Luz de 4 anos. Estes sete \u201cpequenos\u201d se encarregaram de fazer a vida de dezenas de bab\u00e1s imposs\u00edvel, mas Fernando precisa urgentemente de uma bab\u00e1 que cuide de seus filhos.<\/p>\n<p>As necessidades e a vontade de se superar, levam Ana a buscar outro trabalho. Sua falta de experi\u00eancia, e sua educa\u00e7\u00e3o prec\u00e1ria complicam o processo de ela encontrar um trabalho est\u00e1vel. Mas o destino tem algo preparado a ela: por uma confus\u00e3o, Ana termina chegando \u00e0 mans\u00e3o Lascur\u00e1in sem saber que l\u00e1 encontrar\u00e1 tudo o que sempre sonhou.<\/p>\n","protected":false},"excerpt":{"rendered":"<p>Resumo da novela \u201cMeu Cora\u00e7\u00e3o \u00e9 Teu\u201d em 20\/11: no cap\u00edtulo 013(*) da novela, quarta-feira, 20 de novembro, Ana diz a Fernando que ele deve estar mais aberto a entender seus filhos. Natalia discute com Diego, e ele termina a beijando. Nando conta a Helena que Fanny brigou com seu pai e saiu de casa. [&hellip;]<\/p>\n","protected":false},"author":2,"featured_media":183928,"comment_status":"open","ping_status":"closed","sticky":false,"template":"","format":"standard","meta":{"tdm_status":"","tdm_grid_status":"","footnotes":""},"categories":[379,372,343],"tags":[441],"class_list":{"0":"post-184865","1":"post","2":"type-post","3":"status-publish","4":"format-standard","5":"has-post-thumbnail","7":"category-novelas","8":"category-sbt","9":"category-televisao","10":"tag-resumo-do-dia"},"_links":{"self":[{"href":"https:\/\/migracao.redenoticia.com.br\/noticia\/wp-json\/wp\/v2\/posts\/184865","targetHints":{"allow":["GET"]}}],"collection":[{"href":"https:\/\/migracao.redenoticia.com.br\/noticia\/wp-json\/wp\/v2\/posts"}],"about":[{"href":"https:\/\/migracao.redenoticia.com.br\/noticia\/wp-json\/wp\/v2\/types\/post"}],"author":[{"embeddable":true,"href":"https:\/\/migracao.redenoticia.com.br\/noticia\/wp-json\/wp\/v2\/users\/2"}],"replies":[{"embeddable":true,"href":"https:\/\/migracao.redenoticia.com.br\/noticia\/wp-json\/wp\/v2\/comments?post=184865"}],"version-history":[{"count":0,"href":"https:\/\/migracao.redenoticia.com.br\/noticia\/wp-json\/wp\/v2\/posts\/184865\/revisions"}],"wp:featuredmedia":[{"embeddable":true,"href":"https:\/\/migracao.redenoticia.com.br\/noticia\/wp-json\/wp\/v2\/media\/183928"}],"wp:attachment":[{"href":"https:\/\/migracao.redenoticia.com.br\/noticia\/wp-json\/wp\/v2\/media?parent=184865"}],"wp:term":[{"taxonomy":"category","embeddable":true,"href":"https:\/\/migracao.redenoticia.com.br\/noticia\/wp-json\/wp\/v2\/categories?post=184865"},{"taxonomy":"post_tag","embeddable":true,"href":"https:\/\/migracao.redenoticia.com.br\/noticia\/wp-json\/wp\/v2\/tags?post=184865"}],"curies":[{"name":"wp","href":"https:\/\/api.w.org\/{rel}","templated":true}]}}