{"id":1850,"date":"2009-05-21T08:58:11","date_gmt":"2009-05-21T12:58:11","guid":{"rendered":"http:\/\/www.redenoticia.com.br\/noticia\/?p=1850"},"modified":"2009-05-21T08:58:11","modified_gmt":"2009-05-21T12:58:11","slug":"castanha-e-babacu-de-rondonia-receberao-incentivo-do-mma-e-mda","status":"publish","type":"post","link":"https:\/\/migracao.redenoticia.com.br\/noticia\/2009\/castanha-e-babacu-de-rondonia-receberao-incentivo-do-mma-e-mda\/1850","title":{"rendered":"Castanha e baba\u00e7u de Rond\u00f4nia receber\u00e3o incentivo do MMA e MDA"},"content":{"rendered":"<p class=\"MsoNormal\"><strong><\/strong><span style=\"font-family: Arial;\"><a href=\"https:\/\/migracao.redenoticia.com.br\/noticia\/imagens\/\/castanha.jpg\"><img loading=\"lazy\" decoding=\"async\" class=\"alignleft size-medium wp-image-1849\" title=\"castanha\" src=\"https:\/\/migracao.redenoticia.com.br\/noticia\/imagens\/\/castanha-249x187.jpg\" alt=\"castanha\" width=\"249\" height=\"187\" \/><\/a>Para potencializar economicamente a castanha-do-Brasil e outros produtos extrativistas, o Minist\u00e9rio do Meio Ambiente elaborou o Plano Nacional das Cadeias Produtivas da Sociobiodiversidade, lan\u00e7ado pelo presidente Lula no final de abril. Para ser colocado em pr\u00e1tica, o Plano come\u00e7a a ser detalhado por produto e pactuado com cada estado produtor. Os primeiros ser\u00e3o os planos para as cadeias produtivas da castanha e do baba\u00e7u, que come\u00e7am a ser pactuado hoje (21) entre extrativistas, governos estaduais, institui\u00e7\u00f5es de fomento e empres\u00e1rios do Amap\u00e1, Par\u00e1, Mato Grosso e Rond\u00f4nia.<\/p>\n<p>Os encontros, que come\u00e7am por Macap\u00e1, devem identificar os gargalos, em n\u00edvel local, para o aumento da produ\u00e7\u00e3o e a promo\u00e7\u00e3o da cadeia e encontrar alternativas para super\u00e1-los. A produ\u00e7\u00e3o anual de castanha \u00e9 de pouco mais de 30 mil toneladas e movimenta algo em torno de R$ 45 milh\u00f5es. O baba\u00e7u, segundo o IBGE, rendeu em 2007 R$ 113 milh\u00f5es, com uma produ\u00e7\u00e3o de 114.874 toneladas.<\/p>\n<p>Estudos da Diretoria de Extrativismo da SEDR identificam como principais problemas as dificuldades de acesso a cr\u00e9dito e a assist\u00eancia t\u00e9cnica, normalmente decorrentes de falta de regulariza\u00e7\u00e3o fundi\u00e1ria (portanto falta de garantias para financiamentos) nas \u00e1reas de extrativismo e dos baixos n\u00edveis de organiza\u00e7\u00e3o social em toda a cadeia. A meta final deste trabalho \u00e9 criar C\u00e2maras Setoriais dos produtos extrativistas, nos moldes das que j\u00e1 existem em outros setores produtivos.<\/p>\n<p>Os encontros para pactua\u00e7\u00e3o de planos para as cadeias produtivas da castanha-do-Brasil e do baba\u00e7u acontecer\u00e3o nos dias 21 em Macap\u00e1, 22 em Bel\u00e9m, 26 em Cuiab\u00e1 e 28 em Porto Velho. Participam representantes do governo federal MMA, MDA, Embrapa, Incra e Conab -, dos governos estaduais, do Sebrae, de universidades estaduais, cooperativas extrativistas e ONGs.<br \/>\n<strong><br \/>\nAssessoria de Comunica\u00e7\u00e3o<br \/>\nMinist\u00e9rio do Meio Ambiente<span><\/span><\/strong><\/span><\/p>\n","protected":false},"excerpt":{"rendered":"<p>Para potencializar economicamente a castanha-do-Brasil e outros produtos extrativistas, o Minist\u00e9rio do Meio Ambiente elaborou o Plano Nacional das Cadeias Produtivas da Sociobiodiversidade, lan\u00e7ado pelo presidente Lula no final de abril. Para ser colocado em pr\u00e1tica, o Plano come\u00e7a a ser detalhado por produto e pactuado com cada estado produtor. Os primeiros ser\u00e3o os planos [&hellip;]<\/p>\n","protected":false},"author":3,"featured_media":0,"comment_status":"open","ping_status":"open","sticky":false,"template":"","format":"standard","meta":{"tdm_status":"","tdm_grid_status":"","footnotes":""},"categories":[7],"tags":[],"class_list":{"0":"post-1850","1":"post","2":"type-post","3":"status-publish","4":"format-standard","6":"category-economia"},"_links":{"self":[{"href":"https:\/\/migracao.redenoticia.com.br\/noticia\/wp-json\/wp\/v2\/posts\/1850","targetHints":{"allow":["GET"]}}],"collection":[{"href":"https:\/\/migracao.redenoticia.com.br\/noticia\/wp-json\/wp\/v2\/posts"}],"about":[{"href":"https:\/\/migracao.redenoticia.com.br\/noticia\/wp-json\/wp\/v2\/types\/post"}],"author":[{"embeddable":true,"href":"https:\/\/migracao.redenoticia.com.br\/noticia\/wp-json\/wp\/v2\/users\/3"}],"replies":[{"embeddable":true,"href":"https:\/\/migracao.redenoticia.com.br\/noticia\/wp-json\/wp\/v2\/comments?post=1850"}],"version-history":[{"count":0,"href":"https:\/\/migracao.redenoticia.com.br\/noticia\/wp-json\/wp\/v2\/posts\/1850\/revisions"}],"wp:attachment":[{"href":"https:\/\/migracao.redenoticia.com.br\/noticia\/wp-json\/wp\/v2\/media?parent=1850"}],"wp:term":[{"taxonomy":"category","embeddable":true,"href":"https:\/\/migracao.redenoticia.com.br\/noticia\/wp-json\/wp\/v2\/categories?post=1850"},{"taxonomy":"post_tag","embeddable":true,"href":"https:\/\/migracao.redenoticia.com.br\/noticia\/wp-json\/wp\/v2\/tags?post=1850"}],"curies":[{"name":"wp","href":"https:\/\/api.w.org\/{rel}","templated":true}]}}