{"id":185063,"date":"2019-11-22T22:04:29","date_gmt":"2019-11-23T01:04:29","guid":{"rendered":"https:\/\/www.redenoticia.com.br\/noticia\/?p=185063"},"modified":"2019-11-22T22:04:51","modified_gmt":"2019-11-23T01:04:51","slug":"nota-de-falecimento-emitida-pelos-familiares-e-funcionarios-de-gugu","status":"publish","type":"post","link":"https:\/\/migracao.redenoticia.com.br\/noticia\/2019\/nota-de-falecimento-emitida-pelos-familiares-e-funcionarios-de-gugu\/185063","title":{"rendered":"Nota de Falecimento emitida pelos familiares e funcion\u00e1rios de Gugu"},"content":{"rendered":"<p>Nota de Falecimento emitida pelos familiares e funcion\u00e1rios de Gugu: Este \u00e9 um momento que jamais imaginamos viver. Com profunda tristeza, familiares comunicam o falecimento do pai, irm\u00e3o, filho, amigo, empres\u00e1rio, jornalista e apresentador Ant\u00f4nio Augusto Moraes Liberato (Gugu Liberato), aos 60 anos, em Orlando, Florida, Estados Unidos.<\/p>\n<p>Nosso Gugu sempre viveu de maneira simples e alegre, cercado por seus familiares e extremamente dedicado aos filhos. E assim foi at\u00e9 o final da vida, ocorrida ap\u00f3s um acidente caseiro.<\/p>\n<p>Ele sofreu uma queda acidental de uma altura de cerca de quatro metros quando fazia um reparo no ar condicionado instalado no s\u00f3t\u00e3o. Foi prontamente socorrido pela equipe de resgate e admitido no Orlando Health Medical Center, onde permaneceu na Unidade de Terapia Intensiva, acompanhado pela equipe m\u00e9dica local.<\/p>\n<p>Na admiss\u00e3o deu entrada em escala de Glasgow de 3 [usada para medir a consci\u00eancia e a evolu\u00e7\u00e3o das les\u00f5es cerebrais em um paciente] e os exames iniciais constataram sangramento intracraniano. Em virtude da gravidade neurol\u00f3gica, n\u00e3o foi indicado qualquer procedimento cir\u00fargico. Durante o per\u00edodo de observa\u00e7\u00e3o foi constatada a aus\u00eancia de atividade cerebral. A morte encef\u00e1lica foi confirmada pelo Prof. Dr. Guilherme Lepski, neurocirurgi\u00e3o brasileiro chamado pela fam\u00edlia, que ap\u00f3s ver as imagens dos exames em detalhes, confirmou a irreversibilidade do quadro cl\u00ednico diante de sua m\u00e3e Maria do C\u00e9u, dos irm\u00e3os Amandio Augusto e Aparecida Liberato, e da m\u00e3e de seus filhos, Rose Miriam Di Matteo.<\/p>\n<p>Ainda n\u00e3o temos detalhes sobre o traslado para o Brasil. Informa\u00e7\u00f5es sobre vel\u00f3rio e sepultamento ser\u00e3o passadas assim que tudo estiver definido.<\/p>\n<p>Ele deixa tr\u00eas filhos, Jo\u00e3o Augusto de 18 anos e as g\u00eameas Marina e Sophia de 15 anos.<\/p>\n<p>Atendendo a uma vontade dele, a fam\u00edlia autorizou a doa\u00e7\u00e3o de todos os \u00f3rg\u00e3os.<\/p>\n<p>Gugu sempre refletiu sobre os verdadeiros valores da vida e o qu\u00e3o fr\u00e1gil ela se revela. Sua partida nos deixa sem ch\u00e3o, mas refor\u00e7a nossa certeza de que ele viveu plenamente. Fica a saudade, ficam as lembran\u00e7as &#8211; que s\u00e3o muitas &#8211; e a certeza que Deus recebe agora um filho querido, e o c\u00e9u ganha uma estrela que emana luz e paz.<\/p>\n<p>Familiares e funcion\u00e1rios<\/p>\n<p>S\u00e3o Paulo, 22 de novembro de 2019<\/p>\n<p>&#8212;<br \/>\nEm 2018, o apresentador assumiu como titular do Power Couple Brasil e comandou a estreia do Canta Comigo na Record.  A segunda temporada ainda est\u00e1 no ar na emissora, com final prevista para 4 de dezembro. A atra\u00e7\u00e3o j\u00e1 foi totalmente gravada. <\/p>\n","protected":false},"excerpt":{"rendered":"<p>Nota de Falecimento emitida pelos familiares e funcion\u00e1rios de Gugu: Este \u00e9 um momento que jamais imaginamos viver. Com profunda tristeza, familiares comunicam o falecimento do pai, irm\u00e3o, filho, amigo, empres\u00e1rio, jornalista e apresentador Ant\u00f4nio Augusto Moraes Liberato (Gugu Liberato), aos 60 anos, em Orlando, Florida, Estados Unidos. Nosso Gugu sempre viveu de maneira simples [&hellip;]<\/p>\n","protected":false},"author":2,"featured_media":177422,"comment_status":"open","ping_status":"closed","sticky":false,"template":"","format":"standard","meta":{"tdm_status":"","tdm_grid_status":"","footnotes":""},"categories":[22,371,343],"tags":[],"class_list":{"0":"post-185063","1":"post","2":"type-post","3":"status-publish","4":"format-standard","5":"has-post-thumbnail","7":"category-brasil","8":"category-rede-record","9":"category-televisao"},"_links":{"self":[{"href":"https:\/\/migracao.redenoticia.com.br\/noticia\/wp-json\/wp\/v2\/posts\/185063","targetHints":{"allow":["GET"]}}],"collection":[{"href":"https:\/\/migracao.redenoticia.com.br\/noticia\/wp-json\/wp\/v2\/posts"}],"about":[{"href":"https:\/\/migracao.redenoticia.com.br\/noticia\/wp-json\/wp\/v2\/types\/post"}],"author":[{"embeddable":true,"href":"https:\/\/migracao.redenoticia.com.br\/noticia\/wp-json\/wp\/v2\/users\/2"}],"replies":[{"embeddable":true,"href":"https:\/\/migracao.redenoticia.com.br\/noticia\/wp-json\/wp\/v2\/comments?post=185063"}],"version-history":[{"count":0,"href":"https:\/\/migracao.redenoticia.com.br\/noticia\/wp-json\/wp\/v2\/posts\/185063\/revisions"}],"wp:featuredmedia":[{"embeddable":true,"href":"https:\/\/migracao.redenoticia.com.br\/noticia\/wp-json\/wp\/v2\/media\/177422"}],"wp:attachment":[{"href":"https:\/\/migracao.redenoticia.com.br\/noticia\/wp-json\/wp\/v2\/media?parent=185063"}],"wp:term":[{"taxonomy":"category","embeddable":true,"href":"https:\/\/migracao.redenoticia.com.br\/noticia\/wp-json\/wp\/v2\/categories?post=185063"},{"taxonomy":"post_tag","embeddable":true,"href":"https:\/\/migracao.redenoticia.com.br\/noticia\/wp-json\/wp\/v2\/tags?post=185063"}],"curies":[{"name":"wp","href":"https:\/\/api.w.org\/{rel}","templated":true}]}}