{"id":185092,"date":"2019-11-23T19:21:12","date_gmt":"2019-11-23T22:21:12","guid":{"rendered":"https:\/\/www.redenoticia.com.br\/noticia\/?p=185092"},"modified":"2019-11-23T19:21:12","modified_gmt":"2019-11-23T22:21:12","slug":"resumo-novela-meu-coracao-e-teu-25-11-jennifer-se-preocupa-com-jonnhy","status":"publish","type":"post","link":"https:\/\/migracao.redenoticia.com.br\/noticia\/2019\/resumo-novela-meu-coracao-e-teu-25-11-jennifer-se-preocupa-com-jonnhy\/185092","title":{"rendered":"Resumo novela \u201cMeu Cora\u00e7\u00e3o \u00e9 Teu\u201d 25\/11: Jennifer se preocupa com Jonnhy"},"content":{"rendered":"<p> <img loading=\"lazy\" decoding=\"async\" class=\"aligncenter size-large wp-image-183929\" src=\"https:\/\/migracao.redenoticia.com.br\/noticia\/imagens\/meu-coracao-e-teu-300x300.jpg\" alt=\"\" width=\"300\" height=\"300\" srcset=\"https:\/\/migracao.redenoticia.com.br\/noticia\/imagens\/meu-coracao-e-teu-300x300.jpg 300w, https:\/\/migracao.redenoticia.com.br\/noticia\/imagens\/meu-coracao-e-teu-187x187.jpg 187w, https:\/\/migracao.redenoticia.com.br\/noticia\/imagens\/meu-coracao-e-teu-150x150.jpg 150w, https:\/\/migracao.redenoticia.com.br\/noticia\/imagens\/meu-coracao-e-teu-140x140.jpg 140w, https:\/\/migracao.redenoticia.com.br\/noticia\/imagens\/meu-coracao-e-teu-85x85.jpg 85w, https:\/\/migracao.redenoticia.com.br\/noticia\/imagens\/meu-coracao-e-teu.jpg 500w\" sizes=\"auto, (max-width: 300px) 100vw, 300px\" \/><\/p>\n<p><strong><em>Resumo da novela \u201cMeu Cora\u00e7\u00e3o \u00e9 Teu\u201d<\/em><\/strong> em 25\/11: no cap\u00edtulo 016(*) da novela, segunda-feira, 25 de novembro, Jennifer diz a Ana que est\u00e1 preocupada com Jonnhy, pois desde que ele e Ana terminaram ele n\u00e3o parou mais de beber. Nando segue est\u00e1vel, mas ainda em coma, os m\u00e9dicos afirmam que n\u00e3o sabem quando ele acordar\u00e1. Fernando n\u00e3o consegue dizer a Ana sobre a rela\u00e7\u00e3o que tem com Isabela. Andr\u00e9 e um amigo v\u00e3o visitar Nando. Fanny se zanga ao v\u00ea-los, dizendo que eles tamb\u00e9m t\u00eam culpa pelo estado cr\u00edtico de seu irm\u00e3o. Nando acorda e ainda meio inconsciente diz a seu pai que ele deveria se casar com Ana.<\/p>\n<p>Fernando diz a Ana que ela lembra muito sua falecida esposa, tamb\u00e9m pelo amor incondicional que mostra ter por seus filhos. Yolanda diz a Isabela que \u00e9 imprescind\u00edvel que ela \u201cganhe\u201d os filhos de Fernando, porque no momento Ana est\u00e1 na vantagem. Nando volta para a casa, e seus irm\u00e3os o recebem carinhosamente. Jonnhy tem um plano para conquistar Ana, mas pensa que n\u00e3o deve contar nada a Jennifer. Fernando e Ana falam com Nando sobre o acidente e dizem a ele que nada vale mais que sua vida. Helena vai ver Nando para lhe pedir perd\u00e3o e o beija, Nando a diz que n\u00e3o sentiu nada, pois Helena \u00e9 uma pessoa vazia, e assim o melhor \u00e9 que n\u00e3o se vejam mais. Leon leva Fanny a vila onde mora, e a apresenta Margarida, sua m\u00e3e.<\/p>\n<p>Fernando descobre um fur\u00e3o em sua cama e come\u00e7a a tossir pela alergia, ele pede explica\u00e7\u00f5es a seus filhos e os adverte que quer o animal fora de casa. Todos tentam convenc\u00ea-lo a deixar as crian\u00e7as ficarem com o fur\u00e3o e uma discuss\u00e3o tem in\u00edcio. Por fim, tudo acaba em uma briga de almofadas. Fanny diz a Ana que quer que sua primeira vez seja com Leon, ainda que tenha medo, pois sua rela\u00e7\u00e3o, segundo suas amigas, tem tudo pra dar errado por ele ser pobre e ela rica. Jennifer conta a Ana que Jonnhy pediu dinheiro a Dorival para bolarem um plano contra Ana. Nicolas pergunta a Fernando se ele \u00e9 feliz e o diz que est\u00e1 notando algo diferente nele, desde que Ana chegou a mans\u00e3o. Nicolas ainda completa dizendo que Ana seria uma m\u00e3e excepcional para seus filhos, al\u00e9m de excelente companheira para Fernando. Gustavo e Leon se enfrentam a golpes, Fanny pede a Gustavo que v\u00e1 embora, e diz a Leon que Gustavo n\u00e3o vale a pena.<\/p>\n<p>(*) edi\u00e7\u00e3o do SBT, Novela \u201cMeu Cora\u00e7\u00e3o \u00e9 Teu\u201d, sujeito a altera\u00e7\u00e3o de data e conte\u00fado.<\/p>\n<p>Novela \u201cMeu Cora\u00e7\u00e3o \u00e9 Teu\u201d: Ana Leal \u00e9 uma mulher alegre e otimista. Um desastre destr\u00f3i sua casa e Ana perde tudo o que tem. Fernando Lascur\u00e1in, um prestigiado empres\u00e1rio que se lembra com tristeza que h\u00e1 um ano morreu sua esposa. Fernando \u00e9 o pai de sete filhos: Fanny de 19 anos, Nando de 17 anos, Alicia de 14 anos, Sebasti\u00e3o de 11 anos, os g\u00eameos Alex e Guille de 8 anos e a pequena Luz de 4 anos. Estes sete \u201cpequenos\u201d se encarregaram de fazer a vida de dezenas de bab\u00e1s imposs\u00edvel, mas Fernando precisa urgentemente de uma bab\u00e1 que cuide de seus filhos.<\/p>\n<p>As necessidades e a vontade de se superar, levam Ana a buscar outro trabalho. Sua falta de experi\u00eancia, e sua educa\u00e7\u00e3o prec\u00e1ria complicam o processo de ela encontrar um trabalho est\u00e1vel. Mas o destino tem algo preparado a ela: por uma confus\u00e3o, Ana termina chegando \u00e0 mans\u00e3o Lascur\u00e1in sem saber que l\u00e1 encontrar\u00e1 tudo o que sempre sonhou.<\/p>\n","protected":false},"excerpt":{"rendered":"<p>Resumo da novela \u201cMeu Cora\u00e7\u00e3o \u00e9 Teu\u201d em 25\/11: no cap\u00edtulo 016(*) da novela, segunda-feira, 25 de novembro, Jennifer diz a Ana que est\u00e1 preocupada com Jonnhy, pois desde que ele e Ana terminaram ele n\u00e3o parou mais de beber. Nando segue est\u00e1vel, mas ainda em coma, os m\u00e9dicos afirmam que n\u00e3o sabem quando ele [&hellip;]<\/p>\n","protected":false},"author":2,"featured_media":183928,"comment_status":"open","ping_status":"closed","sticky":false,"template":"","format":"standard","meta":{"tdm_status":"","tdm_grid_status":"","footnotes":""},"categories":[379,372,343],"tags":[441],"class_list":{"0":"post-185092","1":"post","2":"type-post","3":"status-publish","4":"format-standard","5":"has-post-thumbnail","7":"category-novelas","8":"category-sbt","9":"category-televisao","10":"tag-resumo-do-dia"},"_links":{"self":[{"href":"https:\/\/migracao.redenoticia.com.br\/noticia\/wp-json\/wp\/v2\/posts\/185092","targetHints":{"allow":["GET"]}}],"collection":[{"href":"https:\/\/migracao.redenoticia.com.br\/noticia\/wp-json\/wp\/v2\/posts"}],"about":[{"href":"https:\/\/migracao.redenoticia.com.br\/noticia\/wp-json\/wp\/v2\/types\/post"}],"author":[{"embeddable":true,"href":"https:\/\/migracao.redenoticia.com.br\/noticia\/wp-json\/wp\/v2\/users\/2"}],"replies":[{"embeddable":true,"href":"https:\/\/migracao.redenoticia.com.br\/noticia\/wp-json\/wp\/v2\/comments?post=185092"}],"version-history":[{"count":0,"href":"https:\/\/migracao.redenoticia.com.br\/noticia\/wp-json\/wp\/v2\/posts\/185092\/revisions"}],"wp:featuredmedia":[{"embeddable":true,"href":"https:\/\/migracao.redenoticia.com.br\/noticia\/wp-json\/wp\/v2\/media\/183928"}],"wp:attachment":[{"href":"https:\/\/migracao.redenoticia.com.br\/noticia\/wp-json\/wp\/v2\/media?parent=185092"}],"wp:term":[{"taxonomy":"category","embeddable":true,"href":"https:\/\/migracao.redenoticia.com.br\/noticia\/wp-json\/wp\/v2\/categories?post=185092"},{"taxonomy":"post_tag","embeddable":true,"href":"https:\/\/migracao.redenoticia.com.br\/noticia\/wp-json\/wp\/v2\/tags?post=185092"}],"curies":[{"name":"wp","href":"https:\/\/api.w.org\/{rel}","templated":true}]}}