{"id":185140,"date":"2019-11-25T12:04:53","date_gmt":"2019-11-25T15:04:53","guid":{"rendered":"https:\/\/www.redenoticia.com.br\/noticia\/?p=185140"},"modified":"2019-11-25T12:04:53","modified_gmt":"2019-11-25T15:04:53","slug":"resumo-novela-abismo-de-paixao-26-11-damiao-pede-elisa-em-casamento-para-augusto","status":"publish","type":"post","link":"https:\/\/migracao.redenoticia.com.br\/noticia\/2019\/resumo-novela-abismo-de-paixao-26-11-damiao-pede-elisa-em-casamento-para-augusto\/185140","title":{"rendered":"Resumo novela \u201cAbismo de Paix\u00e3o\u201d 26\/11: Dami\u00e3o pede Elisa em casamento para Augusto"},"content":{"rendered":"<p><img loading=\"lazy\" decoding=\"async\" class=\"aligncenter size-large wp-image-181127\" src=\"https:\/\/migracao.redenoticia.com.br\/noticia\/imagens\/abismo-de-paixao-sbt-resumo-327x300.jpg\" alt=\"\" width=\"327\" height=\"300\" srcset=\"https:\/\/migracao.redenoticia.com.br\/noticia\/imagens\/abismo-de-paixao-sbt-resumo-327x300.jpg 327w, https:\/\/migracao.redenoticia.com.br\/noticia\/imagens\/abismo-de-paixao-sbt-resumo-204x187.jpg 204w, https:\/\/migracao.redenoticia.com.br\/noticia\/imagens\/abismo-de-paixao-sbt-resumo.jpg 426w\" sizes=\"auto, (max-width: 327px) 100vw, 327px\" \/><\/p>\n<p><strong><em>Resumo da novela \u201cAbismo de Paix\u00e3o\u201d<\/em><\/strong> em 25\/11: no cap\u00edtulo 066(*) da novela, ter\u00e7a-feira, 26 de novembro, Ramiro prop\u00f5e \u00e1 Paulo uma alian\u00e7a para que destruam a processadora, e coloquem a culpa em Guido. Paulo responde que aceita a proposta desde que fique com 50% do desfalque do qual acusar\u00e3o Guido. Paulo diz a Ramiro ser expert em falsifica\u00e7\u00e3o de assinaturas, e esse \u201ctalento\u201d poder\u00e1 ajuda-los. Dami\u00e3o pede desculpas a Augusto por ter planejado seu casamento escondido. E afirma amar Elisa e, em seguida, pede a sua m\u00e3o. Augusto pergunta o que Dami\u00e3o far\u00e1 se ele negar o pedido. Dami\u00e3o responde que partiria com Elisa para longe.<\/p>\n<p>Dami\u00e3o diz a Augusto que \u00e9 capaz de renunciar ao seu lugar na processadora e deixar sua m\u00e3e por Elisa. Almerinda diz a Flor\u00eancia que seu pai est\u00e1 arruinado. Tanto, que lhe pediu dinheiro emprestado. Ela afirma para Flor\u00eancia que, caso ela deixe o povoado, expulsar\u00e1 Guido de sua processadora e o cobrar\u00e1 at\u00e9 o \u00faltimo centavo que a deve. Almerinda diz a Flor\u00eancia que deseja que ela engravide de Dami\u00e3o, pois apenas isso seria capaz de separ\u00e1-lo para sempre de Elisa.<\/p>\n<p>(*) edi\u00e7\u00e3o do SBT, Novela \u201cAbismo de Paix\u00e3o\u201d, sujeito a altera\u00e7\u00e3o de data e conte\u00fado.<\/p>\n<p>&#8220;Abismo de Paix\u00e3o&#8221;- Augusto Casta\u00f1\u00f3n (Alejandro Camacho) e Estef\u00e2nia Bouvier de Casta\u00f1\u00f3n (Ludwika Paleta) s\u00e3o pais de Elisa (Angelique Boyer). Com eles vive Carmen Bouvier (Sabine Moussier), irm\u00e3 mais velha de Estef\u00e2nia e que vai fugir do povoado com Rog\u00e9rio Arango (C\u00e9sar \u00c9vora), esposo de Almerinda Arango (Blanca Guerra) e pai de Dami\u00e3o (David Zepeda), melhor amigo de Elisa. Almerinda descobre e alerta a Augusto.<\/p>\n<p>Por sua parte, Estef\u00e2nia tenta impedir Rog\u00e9rio a n\u00e3o abandonar sua fam\u00edlia, mas devido ao intemp\u00e9rie da chuva, ambos morrem em um acidente de carro. Carmem aproveita o fato para fazer Augusto acreditar que sua esposa era infiel. Augusto, por despeito, casa-se com Carmem, apesar de n\u00e3o estar apaixonado por ela e nem am\u00e1-la. Carmem est\u00e1 gr\u00e1vida de Rog\u00e9rio, mas mente para Augusto, dizendo que o filho \u00e9 dele. <\/p>\n<p>Querendo bater em Elisa, Carmem escorrega e cai na piscina da casa, causando morte s\u00fabita ao beb\u00ea. Por sua parte, Almerinda decide mandar a Dami\u00e3o para fora do povoado a estudar para separ\u00e1-lo de Elisa de quem \u00e9 muito amigo, amizade que ela n\u00e3o v\u00ea com bons olhos, ap\u00f3s inocentemente os dois fugirem juntos.<\/p>\n","protected":false},"excerpt":{"rendered":"<p>Resumo da novela \u201cAbismo de Paix\u00e3o\u201d em 25\/11: no cap\u00edtulo 066(*) da novela, ter\u00e7a-feira, 26 de novembro, Ramiro prop\u00f5e \u00e1 Paulo uma alian\u00e7a para que destruam a processadora, e coloquem a culpa em Guido. Paulo responde que aceita a proposta desde que fique com 50% do desfalque do qual acusar\u00e3o Guido. Paulo diz a Ramiro [&hellip;]<\/p>\n","protected":false},"author":4,"featured_media":181126,"comment_status":"open","ping_status":"closed","sticky":false,"template":"","format":"standard","meta":{"tdm_status":"","tdm_grid_status":"","footnotes":""},"categories":[379,372,343],"tags":[441],"class_list":{"0":"post-185140","1":"post","2":"type-post","3":"status-publish","4":"format-standard","5":"has-post-thumbnail","7":"category-novelas","8":"category-sbt","9":"category-televisao","10":"tag-resumo-do-dia"},"_links":{"self":[{"href":"https:\/\/migracao.redenoticia.com.br\/noticia\/wp-json\/wp\/v2\/posts\/185140","targetHints":{"allow":["GET"]}}],"collection":[{"href":"https:\/\/migracao.redenoticia.com.br\/noticia\/wp-json\/wp\/v2\/posts"}],"about":[{"href":"https:\/\/migracao.redenoticia.com.br\/noticia\/wp-json\/wp\/v2\/types\/post"}],"author":[{"embeddable":true,"href":"https:\/\/migracao.redenoticia.com.br\/noticia\/wp-json\/wp\/v2\/users\/4"}],"replies":[{"embeddable":true,"href":"https:\/\/migracao.redenoticia.com.br\/noticia\/wp-json\/wp\/v2\/comments?post=185140"}],"version-history":[{"count":0,"href":"https:\/\/migracao.redenoticia.com.br\/noticia\/wp-json\/wp\/v2\/posts\/185140\/revisions"}],"wp:featuredmedia":[{"embeddable":true,"href":"https:\/\/migracao.redenoticia.com.br\/noticia\/wp-json\/wp\/v2\/media\/181126"}],"wp:attachment":[{"href":"https:\/\/migracao.redenoticia.com.br\/noticia\/wp-json\/wp\/v2\/media?parent=185140"}],"wp:term":[{"taxonomy":"category","embeddable":true,"href":"https:\/\/migracao.redenoticia.com.br\/noticia\/wp-json\/wp\/v2\/categories?post=185140"},{"taxonomy":"post_tag","embeddable":true,"href":"https:\/\/migracao.redenoticia.com.br\/noticia\/wp-json\/wp\/v2\/tags?post=185140"}],"curies":[{"name":"wp","href":"https:\/\/api.w.org\/{rel}","templated":true}]}}