{"id":185185,"date":"2019-11-26T12:13:11","date_gmt":"2019-11-26T15:13:11","guid":{"rendered":"https:\/\/www.redenoticia.com.br\/noticia\/?p=185185"},"modified":"2019-11-26T13:26:22","modified_gmt":"2019-11-26T16:26:22","slug":"resumo-novela-abismo-de-paixao-27-11-florencia-descobre-que-nao-pode-engravidar","status":"publish","type":"post","link":"https:\/\/migracao.redenoticia.com.br\/noticia\/2019\/resumo-novela-abismo-de-paixao-27-11-florencia-descobre-que-nao-pode-engravidar\/185185","title":{"rendered":"Resumo novela \u201cAbismo de Paix\u00e3o\u201d 27\/11: Flor\u00eancia descobre que n\u00e3o pode engravidar"},"content":{"rendered":"<p><img loading=\"lazy\" decoding=\"async\" class=\"aligncenter size-large wp-image-181127\" src=\"https:\/\/migracao.redenoticia.com.br\/noticia\/imagens\/abismo-de-paixao-sbt-resumo-327x300.jpg\" alt=\"\" width=\"327\" height=\"300\" srcset=\"https:\/\/migracao.redenoticia.com.br\/noticia\/imagens\/abismo-de-paixao-sbt-resumo-327x300.jpg 327w, https:\/\/migracao.redenoticia.com.br\/noticia\/imagens\/abismo-de-paixao-sbt-resumo-204x187.jpg 204w, https:\/\/migracao.redenoticia.com.br\/noticia\/imagens\/abismo-de-paixao-sbt-resumo.jpg 426w\" sizes=\"auto, (max-width: 327px) 100vw, 327px\" \/><\/p>\n<p><strong><em>Resumo da novela \u201cAbismo de Paix\u00e3o\u201d<\/em><\/strong> em 27\/11: no cap\u00edtulo 067(*) da novela, quarta-feira, 27 de novembro, Edmundo diz a Almerinda que seus problemas n\u00e3o t\u00eam rela\u00e7\u00e3o com sua fam\u00edlia, e ela n\u00e3o tinha direito algum de despedir seu filho da processadora. Ele diz que vai process\u00e1-la. Almerinda, sarc\u00e1stica, responde que um processo pode durar anos em ju\u00edzo, al\u00e9m de demandar um dinheiro que ele n\u00e3o tem. Ela diz que \u00e9 melhor que ele aceite a indeniza\u00e7\u00e3o que oferece. Flor\u00eancia diz a seu pai que ele caiu aos p\u00e9s de Almerinda como todos, e que isso a decepcionou. Dami\u00e3o diz a Augusto que espera que ele j\u00e1 tenha uma resposta quanto a seu pedido para se casar com Elisa. Augusto responde que ainda n\u00e3o. Ele pede umas semanas a mais para pensar. Augusto pede a Dami\u00e3o que n\u00e3o cometa nenhuma loucura, pois estar\u00e1 atendo a ele e a Elisa. Chega o dia do casamento de Dolores e Hor\u00e1cio. Dolores diz a Elisa que sente como se estivesse despedindo, mas que isso n\u00e3o ocorrer\u00e1, pois se sente como sua segunda m\u00e3e, e elas sempre estar\u00e3o juntas, como fossem m\u00e3e e filha.<\/p>\n<p>Br\u00e1ulio diz a Dolores que ela est\u00e1 bel\u00edssima, e que daria o que fosse para ser ele a pessoa que a levar\u00e1 ao altar. Dolores responde que ele mesmo foi quem preferiu se casar com Antonia. Br\u00e1ulio responde que jamais poder\u00e1 esquec\u00ea-la. Dolores diz a Br\u00e1ulio que n\u00e3o \u00e9 justo que ele tenha esperado at\u00e9 o momento de seu casamento para dizer que a ama, e que se isso fosse verdade ele n\u00e3o teria se casado com outra. Br\u00e1ulio responde que pra ela Elisa sempre foi mais importante, e que foi ela mesma quem desfez o noivado. O Padre Lupe diz a Hor\u00e1cio que se tem algo para confessar, esse \u00e9 o momento, Hor\u00e1cio responde que n\u00e3o tem nada para dizer, e garante ser uma boa pessoa. Almerinda diz a Flor\u00eancia que a dar\u00e1 um presente para que ela n\u00e3o se sinta como prisioneira em sua fazenda. Ela pede para Flor\u00eancia escolher o carro que quiser, sem se importar com o pre\u00e7o. Dolores diz ao Padre Lupe que n\u00e3o est\u00e1 segura em rela\u00e7\u00e3o ao seu casamento com Hor\u00e1cio. O Padre diz que Br\u00e1ulio cometeu uma imprud\u00eancia ao dizer que a ama, mas que ele tem esposa e filho, e n\u00e3o os deixar\u00e1 jamais. Dolores responde que ela n\u00e3o aceitaria nem se ele quisesse, pois Ant\u00f4nia tamb\u00e9m merece ser feliz, e ela n\u00e3o deixaria um filho sem o pai.<\/p>\n<p>Almerinda se surpreende quando o gerente do banco a diz que seu cheque est\u00e1 sem fundos. Hor\u00e1cio e Dolores se casam. O gerente do banco diz a Almerinda que Guido Landucci ordenou que todos os seus recursos fossem transferidos para uma conta no estrangeiro. Padre Lupe diz a Br\u00e1ulio que por seu bem e tamb\u00e9m o de sua fam\u00edlia, ele precisa se afastar de Dolores. O doutor diz a Flor\u00eancia que ela tem o que se conhece popularmente como \u00fatero infantil, e jamais poder\u00e1 ter filhos. Carmen diz ao padre Lupe, em segredo de confiss\u00e3o, que Dolores acabou de se casar com um assassino, pois foi Hor\u00e1cio quem assassinou Branca. Dami\u00e3o diz a Elisa que ela parece estranha, principalmente por sua atitude diante de Augusto. Paloma diz a Elisa que n\u00e3o \u00e9 justo que ela esconda de Dami\u00e3o que vai embora para sempre do povoado. Elisa responde que prometeu a seu pai que n\u00e3o ir\u00e1 dizer nada at\u00e9 que chegue o momento de partir. Gael diz a Almerinda que Dami\u00e3o foi pedir a m\u00e3o de Elisa a Augusto e ele ficou de pensar e considerar o pedido.<\/p>\n<p>(*) edi\u00e7\u00e3o do SBT, Novela \u201cAbismo de Paix\u00e3o\u201d, sujeito a altera\u00e7\u00e3o de data e conte\u00fado.<\/p>\n<p>&#8220;Abismo de Paix\u00e3o&#8221;- Augusto Casta\u00f1\u00f3n (Alejandro Camacho) e Estef\u00e2nia Bouvier de Casta\u00f1\u00f3n (Ludwika Paleta) s\u00e3o pais de Elisa (Angelique Boyer). Com eles vive Carmen Bouvier (Sabine Moussier), irm\u00e3 mais velha de Estef\u00e2nia e que vai fugir do povoado com Rog\u00e9rio Arango (C\u00e9sar \u00c9vora), esposo de Almerinda Arango (Blanca Guerra) e pai de Dami\u00e3o (David Zepeda), melhor amigo de Elisa. Almerinda descobre e alerta a Augusto.<\/p>\n<p>Por sua parte, Estef\u00e2nia tenta impedir Rog\u00e9rio a n\u00e3o abandonar sua fam\u00edlia, mas devido ao intemp\u00e9rie da chuva, ambos morrem em um acidente de carro. Carmem aproveita o fato para fazer Augusto acreditar que sua esposa era infiel. Augusto, por despeito, casa-se com Carmem, apesar de n\u00e3o estar apaixonado por ela e nem am\u00e1-la. Carmem est\u00e1 gr\u00e1vida de Rog\u00e9rio, mas mente para Augusto, dizendo que o filho \u00e9 dele. <\/p>\n<p>Querendo bater em Elisa, Carmem escorrega e cai na piscina da casa, causando morte s\u00fabita ao beb\u00ea. Por sua parte, Almerinda decide mandar a Dami\u00e3o para fora do povoado a estudar para separ\u00e1-lo de Elisa de quem \u00e9 muito amigo, amizade que ela n\u00e3o v\u00ea com bons olhos, ap\u00f3s inocentemente os dois fugirem juntos.<\/p>\n","protected":false},"excerpt":{"rendered":"<p>Resumo da novela \u201cAbismo de Paix\u00e3o\u201d em 27\/11: no cap\u00edtulo 067(*) da novela, quarta-feira, 27 de novembro, Edmundo diz a Almerinda que seus problemas n\u00e3o t\u00eam rela\u00e7\u00e3o com sua fam\u00edlia, e ela n\u00e3o tinha direito algum de despedir seu filho da processadora. Ele diz que vai process\u00e1-la. Almerinda, sarc\u00e1stica, responde que um processo pode durar [&hellip;]<\/p>\n","protected":false},"author":4,"featured_media":181126,"comment_status":"open","ping_status":"closed","sticky":false,"template":"","format":"standard","meta":{"tdm_status":"","tdm_grid_status":"","footnotes":""},"categories":[379,372,343],"tags":[441],"class_list":{"0":"post-185185","1":"post","2":"type-post","3":"status-publish","4":"format-standard","5":"has-post-thumbnail","7":"category-novelas","8":"category-sbt","9":"category-televisao","10":"tag-resumo-do-dia"},"_links":{"self":[{"href":"https:\/\/migracao.redenoticia.com.br\/noticia\/wp-json\/wp\/v2\/posts\/185185","targetHints":{"allow":["GET"]}}],"collection":[{"href":"https:\/\/migracao.redenoticia.com.br\/noticia\/wp-json\/wp\/v2\/posts"}],"about":[{"href":"https:\/\/migracao.redenoticia.com.br\/noticia\/wp-json\/wp\/v2\/types\/post"}],"author":[{"embeddable":true,"href":"https:\/\/migracao.redenoticia.com.br\/noticia\/wp-json\/wp\/v2\/users\/4"}],"replies":[{"embeddable":true,"href":"https:\/\/migracao.redenoticia.com.br\/noticia\/wp-json\/wp\/v2\/comments?post=185185"}],"version-history":[{"count":0,"href":"https:\/\/migracao.redenoticia.com.br\/noticia\/wp-json\/wp\/v2\/posts\/185185\/revisions"}],"wp:featuredmedia":[{"embeddable":true,"href":"https:\/\/migracao.redenoticia.com.br\/noticia\/wp-json\/wp\/v2\/media\/181126"}],"wp:attachment":[{"href":"https:\/\/migracao.redenoticia.com.br\/noticia\/wp-json\/wp\/v2\/media?parent=185185"}],"wp:term":[{"taxonomy":"category","embeddable":true,"href":"https:\/\/migracao.redenoticia.com.br\/noticia\/wp-json\/wp\/v2\/categories?post=185185"},{"taxonomy":"post_tag","embeddable":true,"href":"https:\/\/migracao.redenoticia.com.br\/noticia\/wp-json\/wp\/v2\/tags?post=185185"}],"curies":[{"name":"wp","href":"https:\/\/api.w.org\/{rel}","templated":true}]}}