{"id":185253,"date":"2019-11-27T12:19:38","date_gmt":"2019-11-27T15:19:38","guid":{"rendered":"https:\/\/www.redenoticia.com.br\/noticia\/?p=185253"},"modified":"2019-11-27T19:15:22","modified_gmt":"2019-11-27T22:15:22","slug":"resumo-novela-meu-coracao-e-teu-28-11-fernando-afirma-que-vai-se-casar-com-isabela","status":"publish","type":"post","link":"https:\/\/migracao.redenoticia.com.br\/noticia\/2019\/resumo-novela-meu-coracao-e-teu-28-11-fernando-afirma-que-vai-se-casar-com-isabela\/185253","title":{"rendered":"Resumo novela \u201cMeu Cora\u00e7\u00e3o \u00e9 Teu\u201d 28\/11: Fernando afirma que vai se casar com Isabela"},"content":{"rendered":"<p><img loading=\"lazy\" decoding=\"async\" src=\"https:\/\/migracao.redenoticia.com.br\/noticia\/imagens\/meu-coracao-e-teu-300x300.jpg\" alt=\"\" width=\"300\" height=\"300\" class=\"aligncenter size-large wp-image-183929\" srcset=\"https:\/\/migracao.redenoticia.com.br\/noticia\/imagens\/meu-coracao-e-teu-300x300.jpg 300w, https:\/\/migracao.redenoticia.com.br\/noticia\/imagens\/meu-coracao-e-teu-187x187.jpg 187w, https:\/\/migracao.redenoticia.com.br\/noticia\/imagens\/meu-coracao-e-teu-150x150.jpg 150w, https:\/\/migracao.redenoticia.com.br\/noticia\/imagens\/meu-coracao-e-teu-140x140.jpg 140w, https:\/\/migracao.redenoticia.com.br\/noticia\/imagens\/meu-coracao-e-teu-85x85.jpg 85w, https:\/\/migracao.redenoticia.com.br\/noticia\/imagens\/meu-coracao-e-teu.jpg 500w\" sizes=\"auto, (max-width: 300px) 100vw, 300px\" \/><\/p>\n<p><strong><em>Resumo da novela \u201cMeu Cora\u00e7\u00e3o \u00e9 Teu\u201d<\/em><\/strong> em 28\/11: no cap\u00edtulo 019(*) da novela, quinta-feira, 28 de novembro, Ana pensa em uma maneira de ajudar Bruno neste problema. Ana tenta falar com Fernando, mas ele se esquiva dela ao se lembrar do que Isabela o disse. Isabela comenta com Yolanda sobre a m\u00e1 rea\u00e7\u00e3o de Fernando quanto a not\u00edcia de sua gravidez. Yolanda tenta tranquilizar a filha. Fernando confessa a Nando que ama Ana, mas ir\u00e1 se casar com Isabela pelo beb\u00ea que ela espera. Ana organiza toda a fam\u00edlia para ajudar Bruno com seu problema. A m\u00e3e de Bruno chega e todos na mans\u00e3o Lascurain come\u00e7am a atuar: as crian\u00e7as como filhos de Bruno, Manuela como sua esposa, e Nicolas como o mordomo. Todos tentam ajudar da melhor forma para que a m\u00e3e de Bruno n\u00e3o se de conta das mentiras que ele disse.<\/p>\n<p>Nicolas fica incomodado com a mentira de Bruno e diz a ele que sua m\u00e3e n\u00e3o merece que ele minta tanto assim. Bruno concorda, mas diz que n\u00e3o quer desapontar sua m\u00e3e. Luz e Alicia questionam Ana pelas mentiras e perguntam se ela e Fernando est\u00e3o namorando. Manuela confessa a Bruno que era mentira a proposta de trabalho que ela disse ter recebido. Nando fala com Fernando livremente sobre seu sentimento por Helena e Fernando o aconselha que a perdoe, para ver se realmente o que sentem \u00e9 amor. Fernando confirma a Nando que ir\u00e1 se casar com Isabela.<\/p>\n<p>Jennifer est\u00e1 mal de sa\u00fade e Ana a pede que se consulte com um m\u00e9dico. Bruno decide falar com sua m\u00e3e e contar toda a verdade. Of\u00e9lia, como ama seu filho, diz que segue muito orgulhosa dele. Ana agradece Luz por t\u00ea-la dado uma li\u00e7\u00e3o por suas mentiras. Of\u00e9lia agradece todo o carinho que a fam\u00edlia Lascurain tem por seu filho Bruno. Isabela confirma com o doutor sua gravidez, mas segue preocupada pela rea\u00e7\u00e3o de Fernando. Isabela diz a Yolanda que se Ana n\u00e3o existisse, tudo seria muito diferente.<\/p>\n<p>Aparecem outras espinhas no rosto de Alicia e ela fica deprimida. Jonnhy tenta sair de sua depress\u00e3o e sugere a Dorival fazer um show para mulheres no \u2018Chicago\u2019. Leon esconde um segredo de Fanny e Margarida o pressiona para que ele conte. Leon fala com Fanny propondo terminarem a rela\u00e7\u00e3o. Ela n\u00e3o aceita. Ana tenta falar com Fernando, mas ele continua a evitando. Fernando diz a Isabela que v\u00e3o se casar para que a crian\u00e7a que espera cres\u00e7a em uma fam\u00edlia estruturada.<\/p>\n<p>(*) edi\u00e7\u00e3o do SBT, Novela \u201cMeu Cora\u00e7\u00e3o \u00e9 Teu\u201d, sujeito a altera\u00e7\u00e3o de data e conte\u00fado.<\/p>\n<p>Novela \u201cMeu Cora\u00e7\u00e3o \u00e9 Teu\u201d: Ana Leal \u00e9 uma mulher alegre e otimista. Um desastre destr\u00f3i sua casa e Ana perde tudo o que tem. Fernando Lascur\u00e1in, um prestigiado empres\u00e1rio que se lembra com tristeza que h\u00e1 um ano morreu sua esposa. Fernando \u00e9 o pai de sete filhos: Fanny de 19 anos, Nando de 17 anos, Alicia de 14 anos, Sebasti\u00e3o de 11 anos, os g\u00eameos Alex e Guille de 8 anos e a pequena Luz de 4 anos. Estes sete \u201cpequenos\u201d se encarregaram de fazer a vida de dezenas de bab\u00e1s imposs\u00edvel, mas Fernando precisa urgentemente de uma bab\u00e1 que cuide de seus filhos.<\/p>\n<p>As necessidades e a vontade de se superar, levam Ana a buscar outro trabalho. Sua falta de experi\u00eancia, e sua educa\u00e7\u00e3o prec\u00e1ria complicam o processo de ela encontrar um trabalho est\u00e1vel. Mas o destino tem algo preparado a ela: por uma confus\u00e3o, Ana termina chegando \u00e0 mans\u00e3o Lascur\u00e1in sem saber que l\u00e1 encontrar\u00e1 tudo o que sempre sonhou.<\/p>\n","protected":false},"excerpt":{"rendered":"<p>Resumo da novela \u201cMeu Cora\u00e7\u00e3o \u00e9 Teu\u201d em 28\/11: no cap\u00edtulo 019(*) da novela, quinta-feira, 28 de novembro, Ana pensa em uma maneira de ajudar Bruno neste problema. Ana tenta falar com Fernando, mas ele se esquiva dela ao se lembrar do que Isabela o disse. Isabela comenta com Yolanda sobre a m\u00e1 rea\u00e7\u00e3o de [&hellip;]<\/p>\n","protected":false},"author":4,"featured_media":183928,"comment_status":"open","ping_status":"closed","sticky":false,"template":"","format":"standard","meta":{"tdm_status":"","tdm_grid_status":"","footnotes":""},"categories":[379,372,343],"tags":[441],"class_list":{"0":"post-185253","1":"post","2":"type-post","3":"status-publish","4":"format-standard","5":"has-post-thumbnail","7":"category-novelas","8":"category-sbt","9":"category-televisao","10":"tag-resumo-do-dia"},"_links":{"self":[{"href":"https:\/\/migracao.redenoticia.com.br\/noticia\/wp-json\/wp\/v2\/posts\/185253","targetHints":{"allow":["GET"]}}],"collection":[{"href":"https:\/\/migracao.redenoticia.com.br\/noticia\/wp-json\/wp\/v2\/posts"}],"about":[{"href":"https:\/\/migracao.redenoticia.com.br\/noticia\/wp-json\/wp\/v2\/types\/post"}],"author":[{"embeddable":true,"href":"https:\/\/migracao.redenoticia.com.br\/noticia\/wp-json\/wp\/v2\/users\/4"}],"replies":[{"embeddable":true,"href":"https:\/\/migracao.redenoticia.com.br\/noticia\/wp-json\/wp\/v2\/comments?post=185253"}],"version-history":[{"count":0,"href":"https:\/\/migracao.redenoticia.com.br\/noticia\/wp-json\/wp\/v2\/posts\/185253\/revisions"}],"wp:featuredmedia":[{"embeddable":true,"href":"https:\/\/migracao.redenoticia.com.br\/noticia\/wp-json\/wp\/v2\/media\/183928"}],"wp:attachment":[{"href":"https:\/\/migracao.redenoticia.com.br\/noticia\/wp-json\/wp\/v2\/media?parent=185253"}],"wp:term":[{"taxonomy":"category","embeddable":true,"href":"https:\/\/migracao.redenoticia.com.br\/noticia\/wp-json\/wp\/v2\/categories?post=185253"},{"taxonomy":"post_tag","embeddable":true,"href":"https:\/\/migracao.redenoticia.com.br\/noticia\/wp-json\/wp\/v2\/tags?post=185253"}],"curies":[{"name":"wp","href":"https:\/\/api.w.org\/{rel}","templated":true}]}}