{"id":185401,"date":"2019-12-03T12:50:03","date_gmt":"2019-12-03T15:50:03","guid":{"rendered":"https:\/\/www.redenoticia.com.br\/noticia\/?p=185401"},"modified":"2019-12-03T13:02:43","modified_gmt":"2019-12-03T16:02:43","slug":"novela-amor-de-mae-katia-passa-mal-e-morre-nos-bracos-de-lurdes","status":"publish","type":"post","link":"https:\/\/migracao.redenoticia.com.br\/noticia\/2019\/novela-amor-de-mae-katia-passa-mal-e-morre-nos-bracos-de-lurdes\/185401","title":{"rendered":"Novela &#8220;Amor de M\u00e3e&#8221;: K\u00e1tia passa mal e morre nos bra\u00e7os de Lurdes"},"content":{"rendered":"<p><img loading=\"lazy\" decoding=\"async\" src=\"https:\/\/migracao.redenoticia.com.br\/noticia\/imagens\/amor-de-mae-logo-1-300x300.jpg\" alt=\"\" width=\"300\" height=\"300\" class=\"aligncenter size-large wp-image-185080\" srcset=\"https:\/\/migracao.redenoticia.com.br\/noticia\/imagens\/amor-de-mae-logo-1-300x300.jpg 300w, https:\/\/migracao.redenoticia.com.br\/noticia\/imagens\/amor-de-mae-logo-1-187x187.jpg 187w, https:\/\/migracao.redenoticia.com.br\/noticia\/imagens\/amor-de-mae-logo-1-150x150.jpg 150w, https:\/\/migracao.redenoticia.com.br\/noticia\/imagens\/amor-de-mae-logo-1-140x140.jpg 140w, https:\/\/migracao.redenoticia.com.br\/noticia\/imagens\/amor-de-mae-logo-1-85x85.jpg 85w, https:\/\/migracao.redenoticia.com.br\/noticia\/imagens\/amor-de-mae-logo-1.jpg 583w\" sizes=\"auto, (max-width: 300px) 100vw, 300px\" \/> <strong><em>Novela &#8220;Amor de M\u00e3e&#8221;<\/em><\/strong>: Lurdes (Regina Cas\u00e9) procura pelo filho Dom\u00eanico, que foi vendido, ainda crian\u00e7a, pelo marido para K\u00e1tia (Vera Holtz). Ela contrata um detetive e descobre o endere\u00e7o da bandida. Lurdes enfrenta a criminosa, ela diz que o menino morreu e d\u00e1 o endere\u00e7o do local onde a crian\u00e7a est\u00e1 enterrada. Lurdes visita o local e encontra a l\u00e1pide: Dom\u00eanico dos Santos Silva, 08.04.1991-28.08.1993.<\/p>\n<p>Lurdes tem uma rea\u00e7\u00e3o inesperada: &#8220;Eu sei que est\u00e1 parecendo loucura minha, mas n\u00e3o \u00e9. Na hora eu acreditei, mas agora eu sei que a K\u00e1tia mentiu. Meu cora\u00e7\u00e3o de m\u00e3e est\u00e1 me dizendo que Dom\u00eanico n\u00e3o est\u00e1 ali&#8221;. Camila (J\u00e9ssica Ellen), Ryan (Thiago Martins) e Magno (Juliano Cazarr\u00e9) conversam sobre a rea\u00e7\u00e3o da m\u00e3e e se preocupam. <\/p>\n<p>Camila sugere que eles podem pedir a exuma\u00e7\u00e3o do corpo para fazer um exame de DNA. Lurdes n\u00e3o se conforma, encontra K\u00e1tia e a bandida diz que Dom\u00eanico est\u00e1 vivo e se chama Sandro (Humberto Carr\u00e3o), mas \u00e9 presidi\u00e1rio. Dias depois, K\u00e1tia passa mal e morre nos bra\u00e7os de Lurdes. <\/p>\n<p>Lurdes conhece Sandro e diz aos outros filhos que ele precisa ir ao enterro de K\u00e1tia. Cena prevista para dia 04 de dezembro na novela \u201cAmor de M\u00e3e\u201d.<\/p>\n<p>&#8220;Amor de M\u00e3e&#8221;: Tr\u00eas mulheres de classes sociais diferentes vivem seus dilemas como m\u00e3es: Lurdes (Regina Cas\u00e9) \u00e9 uma mulher nordestina batalhadora, que teve quatro filhos: Magno (Juliano Cazarr\u00e9), \u00c9rica (Nanda Costa), Ryan (Thiago Martins) e Dom\u00eanico (Humberto Carr\u00e3o) \u2013 vendido aos 2 anos escondido pelo seu ex-marido para a traficante de crian\u00e7as K\u00e1tia (Vera Holtz). Sabendo que ele foi enviado para Rio de Janeiro, ela partiu para l\u00e1 com os filhos em 1993 e, no caminho, encontrou uma rec\u00e9m-nascida abandonada, Camila (J\u00e9ssica Ellen), a quem decide criar.<\/p>\n<p>Lourdes \u00e9 amiga de Thelma (Adriana Esteves), uma vi\u00fava que perdeu o marido em um inc\u00eandio e desde ent\u00e3o passou a superproteger o filho, Danilo (Chay Suede). Vit\u00f3ria (Ta\u00eds Ara\u00fajo) \u00e9 uma advogada rica, mas infeliz por acreditar ser est\u00e9ril. Ela adota Tiago (Pedro Guilherme Rodrigues) e contrata Lurdes como bab\u00e1, mas fica gr\u00e1vida ap\u00f3s um encontro com o ambientalista Davi (Vladimir Brichta).<\/p>\n","protected":false},"excerpt":{"rendered":"<p>Novela &#8220;Amor de M\u00e3e&#8221;: Lurdes (Regina Cas\u00e9) procura pelo filho Dom\u00eanico, que foi vendido, ainda crian\u00e7a, pelo marido para K\u00e1tia (Vera Holtz). Ela contrata um detetive e descobre o endere\u00e7o da bandida. Lurdes enfrenta a criminosa, ela diz que o menino morreu e d\u00e1 o endere\u00e7o do local onde a crian\u00e7a est\u00e1 enterrada. Lurdes visita [&hellip;]<\/p>\n","protected":false},"author":2,"featured_media":185025,"comment_status":"open","ping_status":"closed","sticky":false,"template":"","format":"standard","meta":{"tdm_status":"","tdm_grid_status":"","footnotes":""},"categories":[550,388,379,375,343],"tags":[440],"class_list":{"0":"post-185401","1":"post","2":"type-post","3":"status-publish","4":"format-standard","5":"has-post-thumbnail","7":"category-amor-de-mae","8":"category-destaques","9":"category-novelas","10":"category-rede-globo","11":"category-televisao","12":"tag-noticia-novela"},"_links":{"self":[{"href":"https:\/\/migracao.redenoticia.com.br\/noticia\/wp-json\/wp\/v2\/posts\/185401","targetHints":{"allow":["GET"]}}],"collection":[{"href":"https:\/\/migracao.redenoticia.com.br\/noticia\/wp-json\/wp\/v2\/posts"}],"about":[{"href":"https:\/\/migracao.redenoticia.com.br\/noticia\/wp-json\/wp\/v2\/types\/post"}],"author":[{"embeddable":true,"href":"https:\/\/migracao.redenoticia.com.br\/noticia\/wp-json\/wp\/v2\/users\/2"}],"replies":[{"embeddable":true,"href":"https:\/\/migracao.redenoticia.com.br\/noticia\/wp-json\/wp\/v2\/comments?post=185401"}],"version-history":[{"count":0,"href":"https:\/\/migracao.redenoticia.com.br\/noticia\/wp-json\/wp\/v2\/posts\/185401\/revisions"}],"wp:featuredmedia":[{"embeddable":true,"href":"https:\/\/migracao.redenoticia.com.br\/noticia\/wp-json\/wp\/v2\/media\/185025"}],"wp:attachment":[{"href":"https:\/\/migracao.redenoticia.com.br\/noticia\/wp-json\/wp\/v2\/media?parent=185401"}],"wp:term":[{"taxonomy":"category","embeddable":true,"href":"https:\/\/migracao.redenoticia.com.br\/noticia\/wp-json\/wp\/v2\/categories?post=185401"},{"taxonomy":"post_tag","embeddable":true,"href":"https:\/\/migracao.redenoticia.com.br\/noticia\/wp-json\/wp\/v2\/tags?post=185401"}],"curies":[{"name":"wp","href":"https:\/\/api.w.org\/{rel}","templated":true}]}}