{"id":185458,"date":"2019-11-30T19:02:51","date_gmt":"2019-11-30T22:02:51","guid":{"rendered":"https:\/\/www.redenoticia.com.br\/noticia\/?p=185458"},"modified":"2019-11-30T19:02:51","modified_gmt":"2019-11-30T22:02:51","slug":"resumo-novela-cumplices-de-um-resgate-02-12-joaquim-se-declara-para-isabela","status":"publish","type":"post","link":"https:\/\/migracao.redenoticia.com.br\/noticia\/2019\/resumo-novela-cumplices-de-um-resgate-02-12-joaquim-se-declara-para-isabela\/185458","title":{"rendered":"Resumo novela \u201cC\u00famplices de um Resgate\u201d 02\/12: Joaquim se declara para Isabela"},"content":{"rendered":"<p> <img loading=\"lazy\" decoding=\"async\" class=\"aligncenter size-large wp-image-164526\" src=\"https:\/\/migracao.redenoticia.com.br\/noticia\/imagens\/cumplices-de-um-resgate-001-316x300.jpg\" alt=\"\" width=\"316\" height=\"300\" srcset=\"https:\/\/migracao.redenoticia.com.br\/noticia\/imagens\/cumplices-de-um-resgate-001-316x300.jpg 316w, https:\/\/migracao.redenoticia.com.br\/noticia\/imagens\/cumplices-de-um-resgate-001-197x187.jpg 197w, https:\/\/migracao.redenoticia.com.br\/noticia\/imagens\/cumplices-de-um-resgate-001-150x143.jpg 150w, https:\/\/migracao.redenoticia.com.br\/noticia\/imagens\/cumplices-de-um-resgate-001.jpg 526w\" sizes=\"auto, (max-width: 316px) 100vw, 316px\" \/><\/p>\n<p><strong><em>Resumo novela \u201cC\u00famplices de um Resgate\u201d 02\/12<\/em><\/strong>: no cap\u00edtulo 000(*) da novela, segunda-feira, 02 de dezembro, No capitulo 237, segunda-feira, 02 de dezembro \u2013 Na hora de sair, Of\u00e9lio se atrapalha e derruba escada abaixo o carrinho onde est\u00e1 Manuela. Regina aparece. Enquanto isso, no vilarejo, a banda \u201cManuela e Seus Amigos\u201d j\u00e1 fazem os preparativos finais para o show.Marta reza ap\u00f3s saber que Manuela havia sido sequestrada e que voltou parecendo ser outra menina. \u201cSer\u00e1 que isso tem alguma coisa haver com a irm\u00e3 g\u00eamea roubada\u201d, se questiona Marta. Joaquim diz para Andr\u00e9 que pensa em se declarar para Manuela. Enquanto isso, Of\u00e9lio leva Manuela de carro para o vilarejo. A menina recebe uma mensagem de texto dizendo que j\u00e1 est\u00e3o no coreto esperando a pequena.<\/p>\n<p>Raul liga para Ot\u00e1vio e diz que voltar\u00e1 pra o Brasil. Meire decide comprar alguns presentes para agradar os cond\u00f4minos. O coreto est\u00e1 cheio no Vilarejo e a banda aguarda apenas Manuela para come\u00e7ar a apresenta\u00e7\u00e3o. Eles decidem iniciar o show sem Manuela. A garota chega no meio da primeira m\u00fasica, e emocionada por rever todos, mas sem poder contar nada, sobe ao palco e assumi o posto de vocalista. Da plateia, Rebeca diz: \u201cEssa \u00e9 a minha filha\u201d. Ot\u00e1vio tamb\u00e9m assiste ao show do lado de Rebeca e Nina.<\/p>\n<p>Manuela chora de emo\u00e7\u00e3o enquanto canta. Meire come\u00e7a a distribuir camisetas com a foto de seu gato Bartolomeu, com a mensagem \u201cVoc\u00ea me miau-ma?\u201d. Alicia recebe a camiseta e diz que aceita o pedido de desculpa de Meire. Na gravadora, Isabela acusa Priscila de tentar lhe derrubar e por isso diz que n\u00e3o quer mais cantar. Joaquim aproveita e se declara, mas quando acaba de falar Isabela diz que ele se declarou para a pessoa errada.<\/p>\n<p>Na On-Enterprise, Frederico envia para Lurdinha uma montagem rom\u00e2ntica com fotos dos dois. Por\u00e9m, por engano, o estilista envia pra o e-mail de toda a empresa. Tomas v\u00ea a montagem e comenta com Ta\u00edsa (Stephanie Alves) que aquilo \u00e9 algo muito brega e ela diz que nem sabia que os dois namoravam. Tomas explica que deve ser coisa da cabe\u00e7a de Frederico. Lurdinha diz para o estilista que est\u00e1 furiosa com ele. Com o t\u00e9rmino do show, Manuela abra\u00e7a T\u00e9o e vai direto pra o carro de Of\u00e9lio para voltar para a cidade e trocar de lugar com Isabela.<\/p>\n<p>(*) edi\u00e7\u00e3o do SBT, Novela \u201cC\u00famplices de um Resgate\u201d, sujeito a altera\u00e7\u00e3o de data e conte\u00fado.<\/p>\n<p>\u201cC\u00famplices de um Resgate\u201d &#8211; Duas irm\u00e3s g\u00eameas univitelinas que foram separadas ap\u00f3s nascimento, se reencontram somente ap\u00f3s doze anos. Manuela, uma das g\u00eameas, \u00e9 doce, meiga, gentil, e muito talentosa para a m\u00fasica e tem uma voz encantadora. Vive uma vida feliz no Vilarejo dos Sonhos, onde mora com sua av\u00f3 Nina, sua tia Helena e sua m\u00e3e Rebeca, que d\u00e1 muito amor e carinho a filha por ela nunca ter tido um pai, e ela \u00e9 a m\u00e3e biol\u00f3gica das duas garotas, mas nunca soube que teve g\u00eameas.<\/p>\n","protected":false},"excerpt":{"rendered":"<p>Resumo novela \u201cC\u00famplices de um Resgate\u201d 02\/12: no cap\u00edtulo 000(*) da novela, segunda-feira, 02 de dezembro, No capitulo 237, segunda-feira, 02 de dezembro \u2013 Na hora de sair, Of\u00e9lio se atrapalha e derruba escada abaixo o carrinho onde est\u00e1 Manuela. Regina aparece. Enquanto isso, no vilarejo, a banda \u201cManuela e Seus Amigos\u201d j\u00e1 fazem os [&hellip;]<\/p>\n","protected":false},"author":2,"featured_media":164525,"comment_status":"open","ping_status":"closed","sticky":false,"template":"","format":"standard","meta":{"tdm_status":"","tdm_grid_status":"","footnotes":""},"categories":[379,372,343],"tags":[441],"class_list":{"0":"post-185458","1":"post","2":"type-post","3":"status-publish","4":"format-standard","5":"has-post-thumbnail","7":"category-novelas","8":"category-sbt","9":"category-televisao","10":"tag-resumo-do-dia"},"_links":{"self":[{"href":"https:\/\/migracao.redenoticia.com.br\/noticia\/wp-json\/wp\/v2\/posts\/185458","targetHints":{"allow":["GET"]}}],"collection":[{"href":"https:\/\/migracao.redenoticia.com.br\/noticia\/wp-json\/wp\/v2\/posts"}],"about":[{"href":"https:\/\/migracao.redenoticia.com.br\/noticia\/wp-json\/wp\/v2\/types\/post"}],"author":[{"embeddable":true,"href":"https:\/\/migracao.redenoticia.com.br\/noticia\/wp-json\/wp\/v2\/users\/2"}],"replies":[{"embeddable":true,"href":"https:\/\/migracao.redenoticia.com.br\/noticia\/wp-json\/wp\/v2\/comments?post=185458"}],"version-history":[{"count":0,"href":"https:\/\/migracao.redenoticia.com.br\/noticia\/wp-json\/wp\/v2\/posts\/185458\/revisions"}],"wp:featuredmedia":[{"embeddable":true,"href":"https:\/\/migracao.redenoticia.com.br\/noticia\/wp-json\/wp\/v2\/media\/164525"}],"wp:attachment":[{"href":"https:\/\/migracao.redenoticia.com.br\/noticia\/wp-json\/wp\/v2\/media?parent=185458"}],"wp:term":[{"taxonomy":"category","embeddable":true,"href":"https:\/\/migracao.redenoticia.com.br\/noticia\/wp-json\/wp\/v2\/categories?post=185458"},{"taxonomy":"post_tag","embeddable":true,"href":"https:\/\/migracao.redenoticia.com.br\/noticia\/wp-json\/wp\/v2\/tags?post=185458"}],"curies":[{"name":"wp","href":"https:\/\/api.w.org\/{rel}","templated":true}]}}