{"id":185510,"date":"2019-12-02T12:09:01","date_gmt":"2019-12-02T15:09:01","guid":{"rendered":"https:\/\/www.redenoticia.com.br\/noticia\/?p=185510"},"modified":"2019-12-02T12:25:45","modified_gmt":"2019-12-02T15:25:45","slug":"resumo-novela-abismo-de-paixao-03-12-carmem-confessa-que-mentiu-por-odiar-estefania","status":"publish","type":"post","link":"https:\/\/migracao.redenoticia.com.br\/noticia\/2019\/resumo-novela-abismo-de-paixao-03-12-carmem-confessa-que-mentiu-por-odiar-estefania\/185510","title":{"rendered":"Resumo novela \u201cAbismo de Paix\u00e3o\u201d 03\/12: Carmem confessa que mentiu por odiar Estef\u00e2nia"},"content":{"rendered":"<p><img loading=\"lazy\" decoding=\"async\" class=\"aligncenter size-large wp-image-181127\" src=\"https:\/\/migracao.redenoticia.com.br\/noticia\/imagens\/abismo-de-paixao-sbt-resumo-327x300.jpg\" alt=\"\" width=\"327\" height=\"300\" srcset=\"https:\/\/migracao.redenoticia.com.br\/noticia\/imagens\/abismo-de-paixao-sbt-resumo-327x300.jpg 327w, https:\/\/migracao.redenoticia.com.br\/noticia\/imagens\/abismo-de-paixao-sbt-resumo-204x187.jpg 204w, https:\/\/migracao.redenoticia.com.br\/noticia\/imagens\/abismo-de-paixao-sbt-resumo.jpg 426w\" sizes=\"auto, (max-width: 327px) 100vw, 327px\" \/><\/p>\n<p><strong><em>Resumo da novela \u201cAbismo de Paix\u00e3o\u201d<\/em><\/strong> em 03\/12: no cap\u00edtulo 071(*) da novela, ter\u00e7a-feira, 03 de dezembro, Edmundo diz a Lucio que ele n\u00e3o deveria ter aberto o exame, pois s\u00f3 dizia respeito a Augusto e Elisa. Lucio responde que s\u00e3o muitos anos carregando essa mentira, e queria de uma vez por todas tirar esse peso de Augusto e Elisa. Paloma fica com ci\u00fame ao ver Gael abra\u00e7ando Elisa. Guido \u00e9 levado a penitenciaria. Flor\u00eancia garante que far\u00e1 o poss\u00edvel para lhe tirar da cadeia. Paulo c\u00ednico, diz que est\u00e1 a seu lado. Bet\u00e2nia diz a Carmem que est\u00e1 preocupada porque Sabrina est\u00e1 saindo com Paulo. Sabrina sofre um desmaio e sugerem a ela que fa\u00e7a um exame de gravidez.<\/p>\n<p>Paulo diz a Flor\u00eancia que se ela conseguisse reatar com Dami\u00e3o, Almerinda seguramente perdoaria seu pai. Dami\u00e3o diz a Elisa que do jeito que andam as coisas \u00e9 melhor que ela ainda n\u00e3o trabalhe com ele. Sabrina diz a Paulo que est\u00e1 gr\u00e1vida. Ele diz que n\u00e3o entende como sendo ela filha de um m\u00e9dico, n\u00e3o tenha tomado as devidas precau\u00e7\u00f5es. Sabrina suplica que ele n\u00e3o a deixe por isso, que n\u00e3o quer perd\u00ea-lo, e eles precisam se casar. Paulo a responde que \u00e9 um cavalheiro e honrar\u00e1 essa responsabilidade. Paulo tem inten\u00e7\u00f5es de ir embora do povoado por causa da gravidez de Sabrina.<\/p>\n<p>Flor\u00eancia lhe diz que Almerinda a exigiu um neto, mas ela n\u00e3o pode dar, pois \u00e9 est\u00e9ril. O Padre Lupe diz a Carmem que neste mesmo momento Augusto vai saber da verdade. Augusto chega e exige que o Padre diga a verdade a qual se refere. Carmem responde que Elisa \u00e9 sua filha, e que mentiu por odiar Estef\u00e2nia. Lucio chega e mostra a Augusto o resultado do exame de paternidade. Muito feliz, ele diz que como sempre soube, Elisa \u00e9 filha de Augusto.<br \/>\n(*) edi\u00e7\u00e3o do SBT, Novela \u201cAbismo de Paix\u00e3o\u201d, sujeito a altera\u00e7\u00e3o de data e conte\u00fado.<\/p>\n<p>&#8220;Abismo de Paix\u00e3o&#8221;- Augusto Casta\u00f1\u00f3n (Alejandro Camacho) e Estef\u00e2nia Bouvier de Casta\u00f1\u00f3n (Ludwika Paleta) s\u00e3o pais de Elisa (Angelique Boyer). Com eles vive Carmen Bouvier (Sabine Moussier), irm\u00e3 mais velha de Estef\u00e2nia e que vai fugir do povoado com Rog\u00e9rio Arango (C\u00e9sar \u00c9vora), esposo de Almerinda Arango (Blanca Guerra) e pai de Dami\u00e3o (David Zepeda), melhor amigo de Elisa. Almerinda descobre e alerta a Augusto.<\/p>\n<p>Por sua parte, Estef\u00e2nia tenta impedir Rog\u00e9rio a n\u00e3o abandonar sua fam\u00edlia, mas devido ao intemp\u00e9rie da chuva, ambos morrem em um acidente de carro. Carmem aproveita o fato para fazer Augusto acreditar que sua esposa era infiel. Augusto, por despeito, casa-se com Carmem, apesar de n\u00e3o estar apaixonado por ela e nem am\u00e1-la. Carmem est\u00e1 gr\u00e1vida de Rog\u00e9rio, mas mente para Augusto, dizendo que o filho \u00e9 dele. <\/p>\n<p>Querendo bater em Elisa, Carmem escorrega e cai na piscina da casa, causando morte s\u00fabita ao beb\u00ea. Por sua parte, Almerinda decide mandar a Dami\u00e3o para fora do povoado a estudar para separ\u00e1-lo de Elisa de quem \u00e9 muito amigo, amizade que ela n\u00e3o v\u00ea com bons olhos, ap\u00f3s inocentemente os dois fugirem juntos.<\/p>\n","protected":false},"excerpt":{"rendered":"<p>Resumo da novela \u201cAbismo de Paix\u00e3o\u201d em 03\/12: no cap\u00edtulo 071(*) da novela, ter\u00e7a-feira, 03 de dezembro, Edmundo diz a Lucio que ele n\u00e3o deveria ter aberto o exame, pois s\u00f3 dizia respeito a Augusto e Elisa. Lucio responde que s\u00e3o muitos anos carregando essa mentira, e queria de uma vez por todas tirar esse [&hellip;]<\/p>\n","protected":false},"author":4,"featured_media":181126,"comment_status":"open","ping_status":"closed","sticky":false,"template":"","format":"standard","meta":{"tdm_status":"","tdm_grid_status":"","footnotes":""},"categories":[379,372,343],"tags":[441],"class_list":{"0":"post-185510","1":"post","2":"type-post","3":"status-publish","4":"format-standard","5":"has-post-thumbnail","7":"category-novelas","8":"category-sbt","9":"category-televisao","10":"tag-resumo-do-dia"},"_links":{"self":[{"href":"https:\/\/migracao.redenoticia.com.br\/noticia\/wp-json\/wp\/v2\/posts\/185510","targetHints":{"allow":["GET"]}}],"collection":[{"href":"https:\/\/migracao.redenoticia.com.br\/noticia\/wp-json\/wp\/v2\/posts"}],"about":[{"href":"https:\/\/migracao.redenoticia.com.br\/noticia\/wp-json\/wp\/v2\/types\/post"}],"author":[{"embeddable":true,"href":"https:\/\/migracao.redenoticia.com.br\/noticia\/wp-json\/wp\/v2\/users\/4"}],"replies":[{"embeddable":true,"href":"https:\/\/migracao.redenoticia.com.br\/noticia\/wp-json\/wp\/v2\/comments?post=185510"}],"version-history":[{"count":0,"href":"https:\/\/migracao.redenoticia.com.br\/noticia\/wp-json\/wp\/v2\/posts\/185510\/revisions"}],"wp:featuredmedia":[{"embeddable":true,"href":"https:\/\/migracao.redenoticia.com.br\/noticia\/wp-json\/wp\/v2\/media\/181126"}],"wp:attachment":[{"href":"https:\/\/migracao.redenoticia.com.br\/noticia\/wp-json\/wp\/v2\/media?parent=185510"}],"wp:term":[{"taxonomy":"category","embeddable":true,"href":"https:\/\/migracao.redenoticia.com.br\/noticia\/wp-json\/wp\/v2\/categories?post=185510"},{"taxonomy":"post_tag","embeddable":true,"href":"https:\/\/migracao.redenoticia.com.br\/noticia\/wp-json\/wp\/v2\/tags?post=185510"}],"curies":[{"name":"wp","href":"https:\/\/api.w.org\/{rel}","templated":true}]}}