{"id":185522,"date":"2019-12-02T12:16:58","date_gmt":"2019-12-02T15:16:58","guid":{"rendered":"https:\/\/www.redenoticia.com.br\/noticia\/?p=185522"},"modified":"2019-12-02T12:16:58","modified_gmt":"2019-12-02T15:16:58","slug":"resumo-novela-malhacao-03-12-rita-se-desespera-durante-o-sequestro","status":"publish","type":"post","link":"https:\/\/migracao.redenoticia.com.br\/noticia\/2019\/resumo-novela-malhacao-03-12-rita-se-desespera-durante-o-sequestro\/185522","title":{"rendered":"Resumo novela \u201cMalha\u00e7\u00e3o\u201d 03\/12: Rita se desespera durante o sequestro"},"content":{"rendered":"<p><img loading=\"lazy\" decoding=\"async\" class=\"aligncenter size-large wp-image-173630\" src=\"https:\/\/migracao.redenoticia.com.br\/noticia\/imagens\/malhacao-todo-forma-amar-02-340x300.jpg\" alt=\"\" width=\"340\" height=\"300\" srcset=\"https:\/\/migracao.redenoticia.com.br\/noticia\/imagens\/malhacao-todo-forma-amar-02-340x300.jpg 340w, https:\/\/migracao.redenoticia.com.br\/noticia\/imagens\/malhacao-todo-forma-amar-02-212x187.jpg 212w, https:\/\/migracao.redenoticia.com.br\/noticia\/imagens\/malhacao-todo-forma-amar-02-560x494.jpg 560w, https:\/\/migracao.redenoticia.com.br\/noticia\/imagens\/malhacao-todo-forma-amar-02.jpg 690w\" sizes=\"auto, (max-width: 340px) 100vw, 340px\" \/><\/p>\n<p><em><strong>Resumo novela \u201cMalha\u00e7\u00e3o\u201d Toda Forma de Amar 03\/12<\/strong><\/em>: no cap\u00edtulo 166(*) da novela, ter\u00e7a-feira, 03 de dezembro, Rui e Rita fogem do cativeiro, mas logo s\u00e3o resgatados pelos bandidos. Carla pede que Thiago e Ra\u00edssa liguem para Filipe para saber de Rita. Joaquim afirma a L\u00edgia que Rita est\u00e1 mancomunada com Rui. Rita se preocupa com Filipe. Regina reclama com Max por estar longe de Guga. Max inventa uma desculpa para fazer com que Guga os visite.<\/p>\n<p>Cl\u00e9ber conta que sua fam\u00edlia se mudou, e Marco permite que o rapaz fique em sua casa por alguns dias. Max pede perd\u00e3o a Guga, e Regina fica radiante com a reconcilia\u00e7\u00e3o da fam\u00edlia. Rita se desespera durante o sequestro. Filipe desabafa com Leila sobre Rita. Os bandidos amea\u00e7am Rui e Rita.<\/p>\n<p>(*) edi\u00e7\u00e3o da Rede Globo, Novela \u201cMalha\u00e7\u00e3o\u201d Toda Forma de Amar, sujeito a altera\u00e7\u00e3o de data e conte\u00fado.<\/p>\n<p>\u201cMalha\u00e7\u00e3o\u201d &#8211; A hist\u00f3ria se inicia em 2017, quando Rita (Alanis Guillen), de apenas quinze anos, teve sua filha rec\u00e9m-nascida dada para ado\u00e7\u00e3o por seu pai por falta de condi\u00e7\u00f5es financeira para cria-la. Dois anos se passam e, ap\u00f3s a morte do pai, a jovem descobre que sua filha est\u00e1 viva e foi adotada por um casal do Rio de Janeiro, L\u00edgia (Paloma Duarte) e Joaquim (Joaquim Lopes), entrando na justi\u00e7a para conseguir a guarda da crian\u00e7a e criando um embate entre a m\u00e3e biol\u00f3gica e a adotiva.<\/p>\n<p>Rita vai morar com sua madrinha, Carla (Mariana Santos), m\u00e3e de Ra\u00edssa (Dora de Assis) e Thiago (Danilo Maia), por\u00e9m os tr\u00eas adolescentes s\u00e3o testemunhas de um crime junto com Jaque (Gabz), Anjinha (Caroline Dallarosa) e Guga (Pedro Alves), quando um grupo armado sequestra um homem na van em que estavam. Eles criam um grupo no WhatsApp intitulado &#8220;Deu Ruim&#8221; para discutir se devem contar \u00e0 pol\u00edcia, criando um la\u00e7o de prote\u00e7\u00e3o e amizade.<\/p>\n","protected":false},"excerpt":{"rendered":"<p>Resumo novela \u201cMalha\u00e7\u00e3o\u201d Toda Forma de Amar 03\/12: no cap\u00edtulo 166(*) da novela, ter\u00e7a-feira, 03 de dezembro, Rui e Rita fogem do cativeiro, mas logo s\u00e3o resgatados pelos bandidos. Carla pede que Thiago e Ra\u00edssa liguem para Filipe para saber de Rita. Joaquim afirma a L\u00edgia que Rita est\u00e1 mancomunada com Rui. Rita se preocupa [&hellip;]<\/p>\n","protected":false},"author":4,"featured_media":173631,"comment_status":"open","ping_status":"closed","sticky":false,"template":"","format":"standard","meta":{"tdm_status":"","tdm_grid_status":"","footnotes":""},"categories":[447,379,375,343],"tags":[441],"class_list":{"0":"post-185522","1":"post","2":"type-post","3":"status-publish","4":"format-standard","5":"has-post-thumbnail","7":"category-malhacao","8":"category-novelas","9":"category-rede-globo","10":"category-televisao","11":"tag-resumo-do-dia"},"_links":{"self":[{"href":"https:\/\/migracao.redenoticia.com.br\/noticia\/wp-json\/wp\/v2\/posts\/185522","targetHints":{"allow":["GET"]}}],"collection":[{"href":"https:\/\/migracao.redenoticia.com.br\/noticia\/wp-json\/wp\/v2\/posts"}],"about":[{"href":"https:\/\/migracao.redenoticia.com.br\/noticia\/wp-json\/wp\/v2\/types\/post"}],"author":[{"embeddable":true,"href":"https:\/\/migracao.redenoticia.com.br\/noticia\/wp-json\/wp\/v2\/users\/4"}],"replies":[{"embeddable":true,"href":"https:\/\/migracao.redenoticia.com.br\/noticia\/wp-json\/wp\/v2\/comments?post=185522"}],"version-history":[{"count":0,"href":"https:\/\/migracao.redenoticia.com.br\/noticia\/wp-json\/wp\/v2\/posts\/185522\/revisions"}],"wp:featuredmedia":[{"embeddable":true,"href":"https:\/\/migracao.redenoticia.com.br\/noticia\/wp-json\/wp\/v2\/media\/173631"}],"wp:attachment":[{"href":"https:\/\/migracao.redenoticia.com.br\/noticia\/wp-json\/wp\/v2\/media?parent=185522"}],"wp:term":[{"taxonomy":"category","embeddable":true,"href":"https:\/\/migracao.redenoticia.com.br\/noticia\/wp-json\/wp\/v2\/categories?post=185522"},{"taxonomy":"post_tag","embeddable":true,"href":"https:\/\/migracao.redenoticia.com.br\/noticia\/wp-json\/wp\/v2\/tags?post=185522"}],"curies":[{"name":"wp","href":"https:\/\/api.w.org\/{rel}","templated":true}]}}