{"id":185568,"date":"2019-12-03T11:58:00","date_gmt":"2019-12-03T14:58:00","guid":{"rendered":"https:\/\/www.redenoticia.com.br\/noticia\/?p=185568"},"modified":"2019-12-03T12:44:43","modified_gmt":"2019-12-03T15:44:43","slug":"resumo-novela-abismo-de-paixao-04-12-gael-e-ramona-veem-um-corpo-flutuar-na-lagoa","status":"publish","type":"post","link":"https:\/\/migracao.redenoticia.com.br\/noticia\/2019\/resumo-novela-abismo-de-paixao-04-12-gael-e-ramona-veem-um-corpo-flutuar-na-lagoa\/185568","title":{"rendered":"Resumo novela \u201cAbismo de Paix\u00e3o\u201d 04\/12: Gael e Ramona encontram corpo na lagoa"},"content":{"rendered":"<p><img loading=\"lazy\" decoding=\"async\" class=\"aligncenter size-large wp-image-181127\" src=\"https:\/\/migracao.redenoticia.com.br\/noticia\/imagens\/abismo-de-paixao-sbt-resumo-327x300.jpg\" alt=\"\" width=\"327\" height=\"300\" srcset=\"https:\/\/migracao.redenoticia.com.br\/noticia\/imagens\/abismo-de-paixao-sbt-resumo-327x300.jpg 327w, https:\/\/migracao.redenoticia.com.br\/noticia\/imagens\/abismo-de-paixao-sbt-resumo-204x187.jpg 204w, https:\/\/migracao.redenoticia.com.br\/noticia\/imagens\/abismo-de-paixao-sbt-resumo.jpg 426w\" sizes=\"auto, (max-width: 327px) 100vw, 327px\" \/><\/p>\n<p><strong><em>Resumo da novela \u201cAbismo de Paix\u00e3o\u201d<\/em><\/strong> em 04\/12: no cap\u00edtulo 072(*) da novela, quarta-feira, 04 de dezembro, no Povoado, Lucio diz ao Padre Lupe que j\u00e1 est\u00e1 comprovado que Elisa \u00e9 filha de Augusto. Carmem pensa que seu plano n\u00e3o vingou, pois Augusto descobriu que \u00e9 o pai biol\u00f3gico de Elisa. Augusto expulsa Carmem de sua casa. Na casa de Lucio, Paloma diz que Dami\u00e3o pode ser seu irm\u00e3o. Elisa diz que sente medo de que Dami\u00e3o v\u00e1 busc\u00e1-la. Augusto procura Carmem para pedir lhe perd\u00e3o por t\u00ea-la agredido. Almerinda pede a Br\u00e1ulio que se torne amigo de Dami\u00e3o, o convide para sair, e o distraia. Br\u00e1ulio convence Dami\u00e3o a sair com ele. Augusto procura Elisa para pedir lhe perd\u00e3o. Ele diz que Carmem inventou de tudo para separ\u00e1-los. Ela acredita nisso e diz que voltar\u00e1 a sua casa.<\/p>\n<p>Dolores empacota as coisas de Elisa para que ela volte com Augusto. Carmem diz a Ramiro que ele n\u00e3o pode mais viver em sua propriedade, e que se apresse em buscar outro canto. Carmem procura Elisa para pedir lhe perd\u00e3o. Elisa responde que n\u00e3o pode perdo\u00e1-la. Carmem diz que todos merecem uma segunda oportunidade. Na Fazenda Arango, Flor\u00eancia entra no quarto de Dami\u00e3o e ele, b\u00eabado, pede que ela o ajude a esquecer Elisa. Ela se aproveita da situa\u00e7\u00e3o e o beija. Na igreja, Ramona procura Gael para perguntar lhe sobre Paloma, j\u00e1 que n\u00e3o a encontra e est\u00e1 em desespero. Gael e Ramona veem um corpo flutuando na lagoa. Ramona chora desesperada, pensando que o corpo pode ser de sua neta. Paloma agradece a Lucio por haver permitido que ela ficasse para dormir em sua casa.<\/p>\n<p>(*) edi\u00e7\u00e3o do SBT, Novela \u201cAbismo de Paix\u00e3o\u201d, sujeito a altera\u00e7\u00e3o de data e conte\u00fado.<\/p>\n<p>&#8220;Abismo de Paix\u00e3o&#8221;- Augusto Casta\u00f1\u00f3n (Alejandro Camacho) e Estef\u00e2nia Bouvier de Casta\u00f1\u00f3n (Ludwika Paleta) s\u00e3o pais de Elisa (Angelique Boyer). Com eles vive Carmen Bouvier (Sabine Moussier), irm\u00e3 mais velha de Estef\u00e2nia e que vai fugir do povoado com Rog\u00e9rio Arango (C\u00e9sar \u00c9vora), esposo de Almerinda Arango (Blanca Guerra) e pai de Dami\u00e3o (David Zepeda), melhor amigo de Elisa. Almerinda descobre e alerta a Augusto.<\/p>\n<p>Por sua parte, Estef\u00e2nia tenta impedir Rog\u00e9rio a n\u00e3o abandonar sua fam\u00edlia, mas devido ao intemp\u00e9rie da chuva, ambos morrem em um acidente de carro. Carmem aproveita o fato para fazer Augusto acreditar que sua esposa era infiel. Augusto, por despeito, casa-se com Carmem, apesar de n\u00e3o estar apaixonado por ela e nem am\u00e1-la. Carmem est\u00e1 gr\u00e1vida de Rog\u00e9rio, mas mente para Augusto, dizendo que o filho \u00e9 dele. <\/p>\n<p>Querendo bater em Elisa, Carmem escorrega e cai na piscina da casa, causando morte s\u00fabita ao beb\u00ea. Por sua parte, Almerinda decide mandar a Dami\u00e3o para fora do povoado a estudar para separ\u00e1-lo de Elisa de quem \u00e9 muito amigo, amizade que ela n\u00e3o v\u00ea com bons olhos, ap\u00f3s inocentemente os dois fugirem juntos.<\/p>\n","protected":false},"excerpt":{"rendered":"<p>Resumo da novela \u201cAbismo de Paix\u00e3o\u201d em 04\/12: no cap\u00edtulo 072(*) da novela, quarta-feira, 04 de dezembro, no Povoado, Lucio diz ao Padre Lupe que j\u00e1 est\u00e1 comprovado que Elisa \u00e9 filha de Augusto. Carmem pensa que seu plano n\u00e3o vingou, pois Augusto descobriu que \u00e9 o pai biol\u00f3gico de Elisa. Augusto expulsa Carmem de [&hellip;]<\/p>\n","protected":false},"author":4,"featured_media":181126,"comment_status":"open","ping_status":"closed","sticky":false,"template":"","format":"standard","meta":{"tdm_status":"","tdm_grid_status":"","footnotes":""},"categories":[379,372,343],"tags":[441],"class_list":{"0":"post-185568","1":"post","2":"type-post","3":"status-publish","4":"format-standard","5":"has-post-thumbnail","7":"category-novelas","8":"category-sbt","9":"category-televisao","10":"tag-resumo-do-dia"},"_links":{"self":[{"href":"https:\/\/migracao.redenoticia.com.br\/noticia\/wp-json\/wp\/v2\/posts\/185568","targetHints":{"allow":["GET"]}}],"collection":[{"href":"https:\/\/migracao.redenoticia.com.br\/noticia\/wp-json\/wp\/v2\/posts"}],"about":[{"href":"https:\/\/migracao.redenoticia.com.br\/noticia\/wp-json\/wp\/v2\/types\/post"}],"author":[{"embeddable":true,"href":"https:\/\/migracao.redenoticia.com.br\/noticia\/wp-json\/wp\/v2\/users\/4"}],"replies":[{"embeddable":true,"href":"https:\/\/migracao.redenoticia.com.br\/noticia\/wp-json\/wp\/v2\/comments?post=185568"}],"version-history":[{"count":0,"href":"https:\/\/migracao.redenoticia.com.br\/noticia\/wp-json\/wp\/v2\/posts\/185568\/revisions"}],"wp:featuredmedia":[{"embeddable":true,"href":"https:\/\/migracao.redenoticia.com.br\/noticia\/wp-json\/wp\/v2\/media\/181126"}],"wp:attachment":[{"href":"https:\/\/migracao.redenoticia.com.br\/noticia\/wp-json\/wp\/v2\/media?parent=185568"}],"wp:term":[{"taxonomy":"category","embeddable":true,"href":"https:\/\/migracao.redenoticia.com.br\/noticia\/wp-json\/wp\/v2\/categories?post=185568"},{"taxonomy":"post_tag","embeddable":true,"href":"https:\/\/migracao.redenoticia.com.br\/noticia\/wp-json\/wp\/v2\/tags?post=185568"}],"curies":[{"name":"wp","href":"https:\/\/api.w.org\/{rel}","templated":true}]}}