{"id":185610,"date":"2019-12-05T23:07:52","date_gmt":"2019-12-06T02:07:52","guid":{"rendered":"https:\/\/www.redenoticia.com.br\/noticia\/?p=185610"},"modified":"2019-12-05T23:07:47","modified_gmt":"2019-12-06T02:07:47","slug":"a-fazenda-11-2019-votacao-em-hari-e-lucas-movimenta-a-enquete-da-roca","status":"publish","type":"post","link":"https:\/\/migracao.redenoticia.com.br\/noticia\/2019\/a-fazenda-11-2019-votacao-em-hari-e-lucas-movimenta-a-enquete-da-roca\/185610","title":{"rendered":"&#8220;A Fazenda&#8221; 11 (2019): vota\u00e7\u00e3o em Hari e Lucas movimentou a enquete da ro\u00e7a"},"content":{"rendered":"<p><img loading=\"lazy\" decoding=\"async\" class=\"aligncenter size-large wp-image-182421\" src=\"https:\/\/migracao.redenoticia.com.br\/noticia\/imagens\/a-fazenda-enquete-resultado-316x300.jpg\" alt=\"\" width=\"316\" height=\"300\" srcset=\"https:\/\/migracao.redenoticia.com.br\/noticia\/imagens\/a-fazenda-enquete-resultado-316x300.jpg 316w, https:\/\/migracao.redenoticia.com.br\/noticia\/imagens\/a-fazenda-enquete-resultado-197x187.jpg 197w, https:\/\/migracao.redenoticia.com.br\/noticia\/imagens\/a-fazenda-enquete-resultado.jpg 520w\" sizes=\"auto, (max-width: 316px) 100vw, 316px\" \/> <strong><em>&#8220;A Fazenda&#8221; 11 (2019) enquete<\/em><\/strong> sobre a vota\u00e7\u00e3o em Hari e Lucas: Em 04\/12, Marcos Mion anunciou que infra\u00e7\u00f5es cometidas na prova do fazendeiro ocasionaram o cancelamento da ro\u00e7a. Ap\u00f3s revis\u00e3o, Sabrina ficou com o pr\u00eamio e Lucas e Hari continuaram na disputa. A forma\u00e7\u00e3o da d\u00e9cima segunda ro\u00e7a desta edi\u00e7\u00e3o come\u00e7ou em 02\/12, quando o apresentador Marcos Mion chamou os pe\u00f5es para a vota\u00e7\u00e3o. O Fazendeiro Rodrigo indicou Lucas para a ro\u00e7a. Os pe\u00f5es de &#8220;A Fazenda&#8221; 11 apresentaram seus votos nos concorrentes da sede: Lucas votou na Sabrina, que votou na Hari. Diego votou na Hari e ela votou na Sabrina. <\/p>\n<p>Rodrigo desempatou, indicou Hari e ela indicou Sabrina para terceiro roceiro. Hari, Lucas e Sabrina disputaram a \u00faltima prova do Fazendeiro, com pr\u00eamio de vinte mil reais, nesta ter\u00e7a (03): circuito de obst\u00e1culos que exigiu resist\u00eancia e agilidade. Sabrina conquistou o chap\u00e9u de Fazendeiro e se livrou da ro\u00e7a. Resultado da vota\u00e7\u00e3o na enquete:<\/p>\n<p><script type=\"text\/javascript\" charset=\"utf-8\" data-cfasync=\"false\" src=\"https:\/\/secure.polldaddy.com\/p\/10472217.js\"><\/script><br \/>\n<noscript><a href=\"https:\/\/poll.fm\/10472217\">Quem deve continuar em &#8220;A Fazenda&#8221;?<\/a><\/noscript>   <\/p>\n<p>Resultado parcial 04\/11 10h59<br \/>\nHari 53,57%; Lucas 46,43%. Total de Votos 7.051.<br \/>\nResultado parcial 04\/11 19h51<br \/>\nHari 58,77%; Lucas 41,23%. Total de Votos 16.656.<\/p>\n<p>O voto v\u00e1lido \u00e9 registrado no portal oficial do programa.<\/p>\n<p>&#8212;<br \/>\nEquipe Sol 2019 &#8211; Aricia Silva (eliminada), Andr\u00e9a N\u00f3brega (eliminada), Guilherme Le\u00e3o (eliminado), Drika Marinho (eliminada), Phellipe Haagensen (substitu\u00eddo por Jorge Souza, eliminado), Viny Vieira (eliminado), Bif\u00e3o (eliminada) e Netto (eliminado).<\/p>\n<p>Equipe Lua 2019 &#8211; Thayse Teixeira (eliminada), Hari Almeida, Sabrina Paiva, Lucas Viana, Tati Dias (eliminada), Rodrigo Phavanello, T\u00falio Maravilha (eliminado) e Diego Grossi.<\/p>\n<p>&#8212;<br \/>\nPe\u00f5es de 2019<\/p>\n<p>01 &#8211; Andr\u00e9a N\u00f3brega, ex-mulher de Carlos Alberto, fez parte de A Pra\u00e7a \u00c9 Nossa (eliminada);<br \/>\n02 &#8211; Aricia Silva, do P\u00e2nico (eliminada);<br \/>\n03 &#8211; Diego Grossi, do BBB;<br \/>\n04 &#8211; Drika Marinho, do Power Couple (eliminada);<br \/>\n05 &#8211; Guilherme Le\u00e3o, modelo, o &#8220;seguran\u00e7a gato do Metr\u00f4&#8221; (eliminado);<br \/>\n06 &#8211; Hari Almeida, do BBB;<br \/>\n07 &#8211; Jhenyfer Dulz, conhecida como Bif\u00e3o, do De F\u00e9rias Com o Ex (eliminada);<br \/>\n08 &#8211; Lucas Viana, do Are You The One? Brasil, reality de forma\u00e7\u00e3o de casais;<br \/>\n09 &#8211; Netto Rodrigues, que usa o nome art\u00edstico de NettoDJ (eliminado);<br \/>\n10 &#8211; Phellipe Haagensen, ator (expulso);<br \/>\n11 &#8211; Rodrigo Phavanello, ator;<br \/>\n12 &#8211; Sabrina Paiva, Miss S\u00e3o Paulo em 2016;<br \/>\n13 &#8211; Tati Dias, do De F\u00e9rias Com o Ex (eliminada);<br \/>\n14 &#8211; Thayse Teixeira, influenciadora digital, conhecida como a &#8220;Dona do Cariri&#8221; (eliminada);<br \/>\n15 &#8211; T\u00falio Maravilha, ex-jogador de futebol (eliminado);<br \/>\n16 &#8211; Viny Vieira, o Gluglu do P\u00e2nico (eliminado);<br \/>\n17 &#8211; Jorge Souza, organizador de eventos (eliminado).<\/p>\n<p>Nesta edi\u00e7\u00e3o, ap\u00f3s cada elimina\u00e7\u00e3o haver\u00e1 uma live transmitida em todas as redes sociais do programa, comandada pelo humorista Lucas Salles, ao lado dos youtubers Tati e Marcelo da WebTVBrasileira.<\/p>\n<p>O reality show tem dire\u00e7\u00e3o do n\u00facleo de realities de Rodrigo Carelli, dire\u00e7\u00e3o geral de Fernando Viudez e produ\u00e7\u00e3o da Teleimage.<\/p>\n<p>&#8220;A Fazenda&#8221; Record<\/p>\n","protected":false},"excerpt":{"rendered":"<p>&#8220;A Fazenda&#8221; 11 (2019) enquete sobre a vota\u00e7\u00e3o em Hari e Lucas: Em 04\/12, Marcos Mion anunciou que infra\u00e7\u00f5es cometidas na prova do fazendeiro ocasionaram o cancelamento da ro\u00e7a. Ap\u00f3s revis\u00e3o, Sabrina ficou com o pr\u00eamio e Lucas e Hari continuaram na disputa. A forma\u00e7\u00e3o da d\u00e9cima segunda ro\u00e7a desta edi\u00e7\u00e3o come\u00e7ou em 02\/12, quando [&hellip;]<\/p>\n","protected":false},"author":2,"featured_media":182419,"comment_status":"open","ping_status":"closed","sticky":false,"template":"","format":"standard","meta":{"tdm_status":"","tdm_grid_status":"","footnotes":""},"categories":[406,371,343],"tags":[521],"class_list":{"0":"post-185610","1":"post","2":"type-post","3":"status-publish","4":"format-standard","5":"has-post-thumbnail","7":"category-a-fazenda","8":"category-rede-record","9":"category-televisao","10":"tag-enquete"},"_links":{"self":[{"href":"https:\/\/migracao.redenoticia.com.br\/noticia\/wp-json\/wp\/v2\/posts\/185610","targetHints":{"allow":["GET"]}}],"collection":[{"href":"https:\/\/migracao.redenoticia.com.br\/noticia\/wp-json\/wp\/v2\/posts"}],"about":[{"href":"https:\/\/migracao.redenoticia.com.br\/noticia\/wp-json\/wp\/v2\/types\/post"}],"author":[{"embeddable":true,"href":"https:\/\/migracao.redenoticia.com.br\/noticia\/wp-json\/wp\/v2\/users\/2"}],"replies":[{"embeddable":true,"href":"https:\/\/migracao.redenoticia.com.br\/noticia\/wp-json\/wp\/v2\/comments?post=185610"}],"version-history":[{"count":0,"href":"https:\/\/migracao.redenoticia.com.br\/noticia\/wp-json\/wp\/v2\/posts\/185610\/revisions"}],"wp:featuredmedia":[{"embeddable":true,"href":"https:\/\/migracao.redenoticia.com.br\/noticia\/wp-json\/wp\/v2\/media\/182419"}],"wp:attachment":[{"href":"https:\/\/migracao.redenoticia.com.br\/noticia\/wp-json\/wp\/v2\/media?parent=185610"}],"wp:term":[{"taxonomy":"category","embeddable":true,"href":"https:\/\/migracao.redenoticia.com.br\/noticia\/wp-json\/wp\/v2\/categories?post=185610"},{"taxonomy":"post_tag","embeddable":true,"href":"https:\/\/migracao.redenoticia.com.br\/noticia\/wp-json\/wp\/v2\/tags?post=185610"}],"curies":[{"name":"wp","href":"https:\/\/api.w.org\/{rel}","templated":true}]}}