{"id":185759,"date":"2019-12-09T23:51:14","date_gmt":"2019-12-10T02:51:14","guid":{"rendered":"https:\/\/www.redenoticia.com.br\/noticia\/?p=185759"},"modified":"2019-12-09T23:53:05","modified_gmt":"2019-12-10T02:53:05","slug":"a-fazenda-11-2019-votacao-em-hari-lucas-rodrigo-e-sabrina-movimenta-a-enquete","status":"publish","type":"post","link":"https:\/\/migracao.redenoticia.com.br\/noticia\/2019\/a-fazenda-11-2019-votacao-em-hari-lucas-rodrigo-e-sabrina-movimenta-a-enquete\/185759","title":{"rendered":"&#8220;A Fazenda&#8221; 11 (2019): vota\u00e7\u00e3o em Hari, Lucas, Rodrigo e Sabrina movimentou a enquete"},"content":{"rendered":"<p><img loading=\"lazy\" decoding=\"async\" class=\"aligncenter size-large wp-image-182421\" src=\"https:\/\/migracao.redenoticia.com.br\/noticia\/imagens\/a-fazenda-enquete-resultado-316x300.jpg\" alt=\"\" width=\"316\" height=\"300\" srcset=\"https:\/\/migracao.redenoticia.com.br\/noticia\/imagens\/a-fazenda-enquete-resultado-316x300.jpg 316w, https:\/\/migracao.redenoticia.com.br\/noticia\/imagens\/a-fazenda-enquete-resultado-197x187.jpg 197w, https:\/\/migracao.redenoticia.com.br\/noticia\/imagens\/a-fazenda-enquete-resultado.jpg 520w\" sizes=\"auto, (max-width: 316px) 100vw, 316px\" \/> <strong><em>&#8220;A Fazenda&#8221; 11 (2019) enquete<\/em><\/strong>: Hari e Lucas receberam a maioria dos votos do p\u00fablico e continuam no jogo. Rodrigo e Sabrina se despediram de &#8220;A Fazenda&#8221; 2019. Diego, Hari e Lucas disputam o grande pr\u00eamio na quinta 12\/12. A forma\u00e7\u00e3o da ro\u00e7a especial com quatro roceiros come\u00e7ou em 06\/12, quando o apresentador Marcos Mion chamou os cinco pe\u00f5es para a \u00e1rea de provas. Os finalistas disputaram uma vaga na grande final.<\/p>\n<p>A prova aconteceu em um circuito de obst\u00e1culos, que exigiu resist\u00eancia e agilidade. Diego venceu a disputa e se tornou o primeiro finalista de &#8220;A Fazenda&#8221; 11. Hari, Lucas, Rodrigo e Sabrina foram para a ro\u00e7a especial. Resultado da vota\u00e7\u00e3o na enquete:<\/p>\n<p> <script type=\"text\/javascript\" charset=\"utf-8\" data-cfasync=\"false\" src=\"https:\/\/secure.polldaddy.com\/p\/10473929.js\"><\/script><br \/>\n<noscript><a href=\"https:\/\/poll.fm\/10473929\">Quem deve se classificar para a grande final de &#8220;A Fazenda&#8221;?<\/a><\/noscript>  <\/p>\n<p>Resultado Parcial 07\/12 01h29<br \/>\nHari 49,40%; Lucas 37,20%; Sabrina 11,50%; Rodrigo 1,89%. Total de Votos 2.747.<br \/>\nResultado Parcial 07\/12 18h38<br \/>\nHari 55,71%; Lucas 32,85%; Sabrina 08,01%; Rodrigo 3,43%. Total de Votos 9.927.<br \/>\nResultado Parcial da enquete em 08\/12, 19h01<br \/>\nHari 61,22%; Lucas 29,31%; Sabrina 6,57%; Rodrigo 2,89%. Total de Votos 17.831.<br \/>\nResultado Parcial da enquete em 09\/12, 19h32:<br \/>\nHari 50,61%; Lucas 34,44%; Sabrina 11,21%; Rodrigo 3,74%. Total de Votos 31.080.<\/p>\n<p>O voto v\u00e1lido \u00e9 registrado no portal oficial do programa.<\/p>\n<p>&#8212;<br \/>\nEquipe Sol 2019 &#8211; Aricia Silva (eliminada), Andr\u00e9a N\u00f3brega (eliminada), Guilherme Le\u00e3o (eliminado), Drika Marinho (eliminada), Phellipe Haagensen (substitu\u00eddo por Jorge Souza, eliminado), Viny Vieira (eliminado), Bif\u00e3o (eliminada) e Netto (eliminado).<\/p>\n<p>Equipe Lua 2019 &#8211; Thayse Teixeira (eliminada), Hari Almeida, Sabrina Paiva (eliminada), Lucas Viana, Tati Dias (eliminada), Rodrigo Phavanello (eliminado), T\u00falio Maravilha (eliminado) e Diego Grossi.<\/p>\n<p>&#8212;<br \/>\nPe\u00f5es de 2019<\/p>\n<p>01 &#8211; Andr\u00e9a N\u00f3brega, ex-mulher de Carlos Alberto, fez parte de A Pra\u00e7a \u00c9 Nossa (eliminada);<br \/>\n02 &#8211; Aricia Silva, do P\u00e2nico (eliminada);<br \/>\n03 &#8211; Diego Grossi, do BBB;<br \/>\n04 &#8211; Drika Marinho, do Power Couple (eliminada);<br \/>\n05 &#8211; Guilherme Le\u00e3o, modelo, o &#8220;seguran\u00e7a gato do Metr\u00f4&#8221; (eliminado);<br \/>\n06 &#8211; Hari Almeida, do BBB;<br \/>\n07 &#8211; Jhenyfer Dulz, conhecida como Bif\u00e3o, do De F\u00e9rias Com o Ex (eliminada);<br \/>\n08 &#8211; Lucas Viana, do Are You The One? Brasil, reality de forma\u00e7\u00e3o de casais;<br \/>\n09 &#8211; Netto Rodrigues, que usa o nome art\u00edstico de NettoDJ (eliminado);<br \/>\n10 &#8211; Phellipe Haagensen, ator (expulso);<br \/>\n11 &#8211; Rodrigo Phavanello, ator (eliminado);<br \/>\n12 &#8211; Sabrina Paiva, Miss S\u00e3o Paulo em 2016 (eliminada);<br \/>\n13 &#8211; Tati Dias, do De F\u00e9rias Com o Ex (eliminada);<br \/>\n14 &#8211; Thayse Teixeira, influenciadora digital, conhecida como a &#8220;Dona do Cariri&#8221; (eliminada);<br \/>\n15 &#8211; T\u00falio Maravilha, ex-jogador de futebol (eliminado);<br \/>\n16 &#8211; Viny Vieira, o Gluglu do P\u00e2nico (eliminado);<br \/>\n17 &#8211; Jorge Souza, organizador de eventos (eliminado).<\/p>\n<p>Nesta edi\u00e7\u00e3o, ap\u00f3s cada elimina\u00e7\u00e3o haver\u00e1 uma live transmitida em todas as redes sociais do programa, comandada pelo humorista Lucas Salles, ao lado dos youtubers Tati e Marcelo da WebTVBrasileira.<\/p>\n<p>O reality show tem dire\u00e7\u00e3o do n\u00facleo de realities de Rodrigo Carelli, dire\u00e7\u00e3o geral de Fernando Viudez e produ\u00e7\u00e3o da Teleimage.<\/p>\n<p>&#8220;A Fazenda&#8221; Record<\/p>\n","protected":false},"excerpt":{"rendered":"<p>&#8220;A Fazenda&#8221; 11 (2019) enquete: Hari e Lucas receberam a maioria dos votos do p\u00fablico e continuam no jogo. Rodrigo e Sabrina se despediram de &#8220;A Fazenda&#8221; 2019. Diego, Hari e Lucas disputam o grande pr\u00eamio na quinta 12\/12. A forma\u00e7\u00e3o da ro\u00e7a especial com quatro roceiros come\u00e7ou em 06\/12, quando o apresentador Marcos Mion [&hellip;]<\/p>\n","protected":false},"author":2,"featured_media":182419,"comment_status":"open","ping_status":"closed","sticky":false,"template":"","format":"standard","meta":{"tdm_status":"","tdm_grid_status":"","footnotes":""},"categories":[406,371,343],"tags":[521],"class_list":{"0":"post-185759","1":"post","2":"type-post","3":"status-publish","4":"format-standard","5":"has-post-thumbnail","7":"category-a-fazenda","8":"category-rede-record","9":"category-televisao","10":"tag-enquete"},"_links":{"self":[{"href":"https:\/\/migracao.redenoticia.com.br\/noticia\/wp-json\/wp\/v2\/posts\/185759","targetHints":{"allow":["GET"]}}],"collection":[{"href":"https:\/\/migracao.redenoticia.com.br\/noticia\/wp-json\/wp\/v2\/posts"}],"about":[{"href":"https:\/\/migracao.redenoticia.com.br\/noticia\/wp-json\/wp\/v2\/types\/post"}],"author":[{"embeddable":true,"href":"https:\/\/migracao.redenoticia.com.br\/noticia\/wp-json\/wp\/v2\/users\/2"}],"replies":[{"embeddable":true,"href":"https:\/\/migracao.redenoticia.com.br\/noticia\/wp-json\/wp\/v2\/comments?post=185759"}],"version-history":[{"count":0,"href":"https:\/\/migracao.redenoticia.com.br\/noticia\/wp-json\/wp\/v2\/posts\/185759\/revisions"}],"wp:featuredmedia":[{"embeddable":true,"href":"https:\/\/migracao.redenoticia.com.br\/noticia\/wp-json\/wp\/v2\/media\/182419"}],"wp:attachment":[{"href":"https:\/\/migracao.redenoticia.com.br\/noticia\/wp-json\/wp\/v2\/media?parent=185759"}],"wp:term":[{"taxonomy":"category","embeddable":true,"href":"https:\/\/migracao.redenoticia.com.br\/noticia\/wp-json\/wp\/v2\/categories?post=185759"},{"taxonomy":"post_tag","embeddable":true,"href":"https:\/\/migracao.redenoticia.com.br\/noticia\/wp-json\/wp\/v2\/tags?post=185759"}],"curies":[{"name":"wp","href":"https:\/\/api.w.org\/{rel}","templated":true}]}}