{"id":185797,"date":"2019-12-08T00:47:33","date_gmt":"2019-12-08T03:47:33","guid":{"rendered":"https:\/\/www.redenoticia.com.br\/noticia\/?p=185797"},"modified":"2019-12-08T00:47:33","modified_gmt":"2019-12-08T03:47:33","slug":"resumo-novela-as-aventuras-de-poliana-09-12-joao-descobre-que-a-mae-esta-doente","status":"publish","type":"post","link":"https:\/\/migracao.redenoticia.com.br\/noticia\/2019\/resumo-novela-as-aventuras-de-poliana-09-12-joao-descobre-que-a-mae-esta-doente\/185797","title":{"rendered":"Resumo novela \u201cAs Aventuras de Poliana\u201d 09\/12: Jo\u00e3o descobre que a m\u00e3e est\u00e1 doente"},"content":{"rendered":"<p> <img loading=\"lazy\" decoding=\"async\" class=\"aligncenter size-large wp-image-148662\" src=\"https:\/\/migracao.redenoticia.com.br\/noticia\/imagens\/as-aventuras-de-poliana-novela-400x267.jpg\" alt=\"\" width=\"400\" height=\"267\" srcset=\"https:\/\/migracao.redenoticia.com.br\/noticia\/imagens\/as-aventuras-de-poliana-novela-400x267.jpg 400w, https:\/\/migracao.redenoticia.com.br\/noticia\/imagens\/as-aventuras-de-poliana-novela-250x167.jpg 250w, https:\/\/migracao.redenoticia.com.br\/noticia\/imagens\/as-aventuras-de-poliana-novela-150x100.jpg 150w, https:\/\/migracao.redenoticia.com.br\/noticia\/imagens\/as-aventuras-de-poliana-novela.jpg 600w\" sizes=\"auto, (max-width: 400px) 100vw, 400px\" \/><\/p>\n<p><strong><em>Resumo novela \u201cAs Aventuras de Poliana\u201d 09\/12<\/em><\/strong>: no cap\u00edtulo 409(*) da novela, segunda-feira, 09 de dezembro, em seu primeiro dia de aula na escola, Ester impressiona todos com suas habilidades. Luisa conhece o pai de Jo\u00e3o. Raquel pede a ajuda de Jerry para descobrir quem foi o organizador da festa na escola. Gleyce conta a Hel\u00f4 que quer voltar a estudar. Com a autoriza\u00e7\u00e3o de seu pai, Eric volta a escola e passa a frequentar a Companhia de Dan\u00e7a. O pai de Jo\u00e3o o encontra na escola e o menino fica apavorado.<\/p>\n<p>Roger faz uma reuni\u00e3o com os funcion\u00e1rios da O11O para apresentar as mudan\u00e7as que far\u00e1 na empresa. Jerry pergunta se Raquel voltou com Guilherme. M\u00e1rio passa a se encantar cada vez mais com Ester. Sophie come\u00e7a a estranhar o comportamento de Ester e desconfia que a menina possa ser um rob\u00f4. O pai de Jo\u00e3o conta para o filho que sua m\u00e3e est\u00e1 doente e que ele precisa ir visita-la. Afonso vai visitar Luisa em casa e Pendleton fica incomodado.<\/p>\n<p>(*) edi\u00e7\u00e3o do SBT, Novela \u201cAs Aventuras de Poliana\u201d, sujeito a altera\u00e7\u00e3o de data e conte\u00fado.<\/p>\n<p>\u201cAs Aventuras de Poliana\u201d &#8211; Poliana \u00e9 uma menina extrovertida e de bom cora\u00e7\u00e3o que viajava o Brasil com seus pais, Lorenzo e Alice, no grupo circense Trupe Vagalume. Aos onze anos a garota v\u00ea seu mundo desabar quando seus pais falecem e ela tem que ir morar em S\u00e3o Paulo com sua tia Lu\u00edsa, uma mulher rica e severa, a qual ela n\u00e3o conhecia e que n\u00e3o queria cuidar dela, embora sinta que \u00e9 sua obriga\u00e7\u00e3o pela alma de sua irm\u00e3.<\/p>\n<p>Apesar do jeito da rigidez da tia, Poliana decide ter uma vis\u00e3o positiva e inabal\u00e1vel da vida, mesmo nos momentos de dificuldade, tentando levar um pouco de felicidade para a vida de cada um dos seus novos amigos e vizinhos, como o Sr. Pendleton, um homem rico e infeliz por nunca ter tido filhos. Ela vai estudar no col\u00e9gio de Ruth, uma diretora de bom cora\u00e7\u00e3o que a ajuda a se adaptar, mas tem que lidar com as vilanias de Mirela, garota mais velha que n\u00e3o aceita perder a popularidade para uma novata.<\/p>\n","protected":false},"excerpt":{"rendered":"<p>Resumo novela \u201cAs Aventuras de Poliana\u201d 09\/12: no cap\u00edtulo 409(*) da novela, segunda-feira, 09 de dezembro, em seu primeiro dia de aula na escola, Ester impressiona todos com suas habilidades. Luisa conhece o pai de Jo\u00e3o. Raquel pede a ajuda de Jerry para descobrir quem foi o organizador da festa na escola. Gleyce conta a [&hellip;]<\/p>\n","protected":false},"author":2,"featured_media":148663,"comment_status":"open","ping_status":"closed","sticky":false,"template":"","format":"standard","meta":{"tdm_status":"","tdm_grid_status":"","footnotes":""},"categories":[477,379,372,343],"tags":[441],"class_list":{"0":"post-185797","1":"post","2":"type-post","3":"status-publish","4":"format-standard","5":"has-post-thumbnail","7":"category-as-aventuras-de-poliana","8":"category-novelas","9":"category-sbt","10":"category-televisao","11":"tag-resumo-do-dia"},"_links":{"self":[{"href":"https:\/\/migracao.redenoticia.com.br\/noticia\/wp-json\/wp\/v2\/posts\/185797","targetHints":{"allow":["GET"]}}],"collection":[{"href":"https:\/\/migracao.redenoticia.com.br\/noticia\/wp-json\/wp\/v2\/posts"}],"about":[{"href":"https:\/\/migracao.redenoticia.com.br\/noticia\/wp-json\/wp\/v2\/types\/post"}],"author":[{"embeddable":true,"href":"https:\/\/migracao.redenoticia.com.br\/noticia\/wp-json\/wp\/v2\/users\/2"}],"replies":[{"embeddable":true,"href":"https:\/\/migracao.redenoticia.com.br\/noticia\/wp-json\/wp\/v2\/comments?post=185797"}],"version-history":[{"count":0,"href":"https:\/\/migracao.redenoticia.com.br\/noticia\/wp-json\/wp\/v2\/posts\/185797\/revisions"}],"wp:featuredmedia":[{"embeddable":true,"href":"https:\/\/migracao.redenoticia.com.br\/noticia\/wp-json\/wp\/v2\/media\/148663"}],"wp:attachment":[{"href":"https:\/\/migracao.redenoticia.com.br\/noticia\/wp-json\/wp\/v2\/media?parent=185797"}],"wp:term":[{"taxonomy":"category","embeddable":true,"href":"https:\/\/migracao.redenoticia.com.br\/noticia\/wp-json\/wp\/v2\/categories?post=185797"},{"taxonomy":"post_tag","embeddable":true,"href":"https:\/\/migracao.redenoticia.com.br\/noticia\/wp-json\/wp\/v2\/tags?post=185797"}],"curies":[{"name":"wp","href":"https:\/\/api.w.org\/{rel}","templated":true}]}}