{"id":185799,"date":"2019-12-08T00:43:19","date_gmt":"2019-12-08T03:43:19","guid":{"rendered":"https:\/\/www.redenoticia.com.br\/noticia\/?p=185799"},"modified":"2019-12-08T00:43:19","modified_gmt":"2019-12-08T03:43:19","slug":"resumo-novela-abismo-de-paixao-09-12-carmem-atira-em-augusto","status":"publish","type":"post","link":"https:\/\/migracao.redenoticia.com.br\/noticia\/2019\/resumo-novela-abismo-de-paixao-09-12-carmem-atira-em-augusto\/185799","title":{"rendered":"Resumo novela \u201cAbismo de Paix\u00e3o\u201d 09\/12: Carmem atira em Augusto"},"content":{"rendered":"<p> <img loading=\"lazy\" decoding=\"async\" class=\"aligncenter size-large wp-image-181127\" src=\"https:\/\/migracao.redenoticia.com.br\/noticia\/imagens\/abismo-de-paixao-sbt-resumo-327x300.jpg\" alt=\"\" width=\"327\" height=\"300\" srcset=\"https:\/\/migracao.redenoticia.com.br\/noticia\/imagens\/abismo-de-paixao-sbt-resumo-327x300.jpg 327w, https:\/\/migracao.redenoticia.com.br\/noticia\/imagens\/abismo-de-paixao-sbt-resumo-204x187.jpg 204w, https:\/\/migracao.redenoticia.com.br\/noticia\/imagens\/abismo-de-paixao-sbt-resumo.jpg 426w\" sizes=\"auto, (max-width: 327px) 100vw, 327px\" \/><\/p>\n<p><strong><em>Resumo da novela \u201cAbismo de Paix\u00e3o\u201d<\/em><\/strong> em 09\/12: no cap\u00edtulo 075(*) da novela, segunda-feira, 09 de dezembro, Sabrina comenta com Paulo que eles precisam se casar, pois ela est\u00e1 gr\u00e1vida. Ramiro exige que Carmem confesse que foi ela quem matou K\u00eania. No consult\u00f3rio de Edmundo, Augusto se zanga com o m\u00e9dico. Flor\u00eancia e Dami\u00e3o pedem ao Padre Lupe que os case. Padre Lupe pergunta a Elisa porque ela ainda n\u00e3o esclareceu com Dami\u00e3o que eles n\u00e3o s\u00e3o meio irm\u00e3os. Elisa responde que quando foi dizer, encontrou Dami\u00e3o na cama com Flor\u00eancia. Dami\u00e3o diz a sua m\u00e3e que foi pedir a seu tio para cas\u00e1-lo com Flor\u00eancia, e que o casamento ser\u00e1 na fazenda. Depois, eles ir\u00e3o viver na capital. Augusto se lembra de quando Ramiro o disse que o filho de Carmem n\u00e3o era seu. Sabrina tenta pressionar Paulo para que ele pe\u00e7a sua m\u00e3o, j\u00e1 que sua gravidez j\u00e1 come\u00e7a a ser notada. Ramiro entrega dinheiro a Ingrid e sugere que ela v\u00e1 viajar para relaxar um pouco, e tamb\u00e9m para tentar superar a morte de sua filha.<\/p>\n<p>Augusto exige a verdade de Ramiro. Ingrid diz a Ramiro que deseja ver Carmem morta, e j\u00e1 que ele n\u00e3o o fez, talvez Augusto fa\u00e7a. Augusto chega alterado e pergunta a Dolores por Elisa. Como ela n\u00e3o est\u00e1, Augusto manda busc\u00e1-la. Na cabana de Ramona, ela pergunta se Elisa j\u00e1 falou com seu pai, j\u00e1 que com a revela\u00e7\u00e3o que \u00e9 filha biol\u00f3gica de Augusto, sua vida mudar\u00e1 para sempre. Carmem comenta com Bet\u00e2nia que tem muitos problemas com Augusto, por culpa de Elisa, e pede que a amiga a deixe viver um tempo em sua casa. Padre Lupe diz a Ingrid que a \u00fanica culpada pela morte de K\u00eania \u00e9 ela mesma, que muitas vezes K\u00eania o disse que sofria muito ao lado da m\u00e3e, e que ela n\u00e3o era uma boa pessoa. Ingrid agradece Edmundo por seu apoio e ele a convida para jantar.<\/p>\n<p>No quarto de Elisa, Augusto fica de joelhos diante de uma foto de Estef\u00e2nia e Branca. Carmem chega e diz que apenas foi recolher seus pertences. Augusto, fora de si, a agride. Augusto diz a Carmem que j\u00e1 sabe de tudo, que ela era amante de Rog\u00e9rio, que o filho que esperava era dele, e que quem ia fugir com Rog\u00e9rio era ela. Ele amea\u00e7a leva-la na pra\u00e7a e gritar para todo o povoado a verdade. Carmem atira em Augusto. Hor\u00e1cio percebe o que ocorreu, e Carmem o amea\u00e7a, dizendo que dir\u00e1 a pol\u00edcia que foi ele quem disparou. Dami\u00e3o pede a Gael que seja padrinho de seu casamento, e o aconselha a terminar com Paloma e ser feliz ao lado de Elisa. Hor\u00e1cio diz a Carmem que est\u00e1 disposto a fazer qualquer coisa para n\u00e3o acabar atr\u00e1s das grades.<\/p>\n<p>(*) edi\u00e7\u00e3o do SBT, Novela \u201cAbismo de Paix\u00e3o\u201d, sujeito a altera\u00e7\u00e3o de data e conte\u00fado.<\/p>\n<p>&#8220;Abismo de Paix\u00e3o&#8221;- Augusto Casta\u00f1\u00f3n (Alejandro Camacho) e Estef\u00e2nia Bouvier de Casta\u00f1\u00f3n (Ludwika Paleta) s\u00e3o pais de Elisa (Angelique Boyer). Com eles vive Carmen Bouvier (Sabine Moussier), irm\u00e3 mais velha de Estef\u00e2nia e que vai fugir do povoado com Rog\u00e9rio Arango (C\u00e9sar \u00c9vora), esposo de Almerinda Arango (Blanca Guerra) e pai de Dami\u00e3o (David Zepeda), melhor amigo de Elisa. Almerinda descobre e alerta a Augusto.<\/p>\n<p>Por sua parte, Estef\u00e2nia tenta impedir Rog\u00e9rio a n\u00e3o abandonar sua fam\u00edlia, mas devido ao intemp\u00e9rie da chuva, ambos morrem em um acidente de carro. Carmem aproveita o fato para fazer Augusto acreditar que sua esposa era infiel. Augusto, por despeito, casa-se com Carmem, apesar de n\u00e3o estar apaixonado por ela e nem am\u00e1-la. Carmem est\u00e1 gr\u00e1vida de Rog\u00e9rio, mas mente para Augusto, dizendo que o filho \u00e9 dele.<\/p>\n<p>Querendo bater em Elisa, Carmem escorrega e cai na piscina da casa, causando morte s\u00fabita ao beb\u00ea. Por sua parte, Almerinda decide mandar a Dami\u00e3o para fora do povoado a estudar para separ\u00e1-lo de Elisa de quem \u00e9 muito amigo, amizade que ela n\u00e3o v\u00ea com bons olhos, ap\u00f3s inocentemente os dois fugirem juntos. <\/p>\n","protected":false},"excerpt":{"rendered":"<p>Resumo da novela \u201cAbismo de Paix\u00e3o\u201d em 09\/12: no cap\u00edtulo 075(*) da novela, segunda-feira, 09 de dezembro, Sabrina comenta com Paulo que eles precisam se casar, pois ela est\u00e1 gr\u00e1vida. Ramiro exige que Carmem confesse que foi ela quem matou K\u00eania. No consult\u00f3rio de Edmundo, Augusto se zanga com o m\u00e9dico. Flor\u00eancia e Dami\u00e3o pedem [&hellip;]<\/p>\n","protected":false},"author":2,"featured_media":181126,"comment_status":"open","ping_status":"closed","sticky":false,"template":"","format":"standard","meta":{"tdm_status":"","tdm_grid_status":"","footnotes":""},"categories":[379,372,343],"tags":[441],"class_list":{"0":"post-185799","1":"post","2":"type-post","3":"status-publish","4":"format-standard","5":"has-post-thumbnail","7":"category-novelas","8":"category-sbt","9":"category-televisao","10":"tag-resumo-do-dia"},"_links":{"self":[{"href":"https:\/\/migracao.redenoticia.com.br\/noticia\/wp-json\/wp\/v2\/posts\/185799","targetHints":{"allow":["GET"]}}],"collection":[{"href":"https:\/\/migracao.redenoticia.com.br\/noticia\/wp-json\/wp\/v2\/posts"}],"about":[{"href":"https:\/\/migracao.redenoticia.com.br\/noticia\/wp-json\/wp\/v2\/types\/post"}],"author":[{"embeddable":true,"href":"https:\/\/migracao.redenoticia.com.br\/noticia\/wp-json\/wp\/v2\/users\/2"}],"replies":[{"embeddable":true,"href":"https:\/\/migracao.redenoticia.com.br\/noticia\/wp-json\/wp\/v2\/comments?post=185799"}],"version-history":[{"count":0,"href":"https:\/\/migracao.redenoticia.com.br\/noticia\/wp-json\/wp\/v2\/posts\/185799\/revisions"}],"wp:featuredmedia":[{"embeddable":true,"href":"https:\/\/migracao.redenoticia.com.br\/noticia\/wp-json\/wp\/v2\/media\/181126"}],"wp:attachment":[{"href":"https:\/\/migracao.redenoticia.com.br\/noticia\/wp-json\/wp\/v2\/media?parent=185799"}],"wp:term":[{"taxonomy":"category","embeddable":true,"href":"https:\/\/migracao.redenoticia.com.br\/noticia\/wp-json\/wp\/v2\/categories?post=185799"},{"taxonomy":"post_tag","embeddable":true,"href":"https:\/\/migracao.redenoticia.com.br\/noticia\/wp-json\/wp\/v2\/tags?post=185799"}],"curies":[{"name":"wp","href":"https:\/\/api.w.org\/{rel}","templated":true}]}}