{"id":1858,"date":"2009-05-21T09:16:34","date_gmt":"2009-05-21T13:16:34","guid":{"rendered":"http:\/\/www.redenoticia.com.br\/noticia\/?p=1858"},"modified":"2009-05-21T11:45:58","modified_gmt":"2009-05-21T15:45:58","slug":"cabos-eleitorais-poderao-ser-registrados-no-tribunal-regional","status":"publish","type":"post","link":"https:\/\/migracao.redenoticia.com.br\/noticia\/2009\/cabos-eleitorais-poderao-ser-registrados-no-tribunal-regional\/1858","title":{"rendered":"Cabos eleitorais poder\u00e3o ser registrados no tribunal regional"},"content":{"rendered":"<p><span style=\"font-family: Arial;\">A exig\u00eancia torna mais transparente o processo eleitoral para Dr. Talmir.<\/span><\/p>\n<p><span style=\"font-family: Arial; color: windowtext;\">Tramita na C\u00e2mara o Projeto de Lei 4782\/09, do deputado Dr. Talmir (PV-SP), que obriga os candidatos ou partidos a registrarem nos tribunais regionais eleitorais (TREs) o pessoal contratado para presta\u00e7\u00e3o de servi\u00e7os nas campanhas. A proposta acrescenta dispositivo \u00e0 Lei 9.504\/97, que estabelece normas para as elei\u00e7\u00f5es.<\/p>\n<p>Atualmente a lei prev\u00ea que a contrata\u00e7\u00e3o de pessoal para presta\u00e7\u00e3o de servi\u00e7os nas campanhas, os chamados cabos eleitorais, n\u00e3o gera v\u00ednculo empregat\u00edcio com o candidato ou partido contratantes, mas n\u00e3o faz refer\u00eancia ao seu registro nos tribunais eleitorais.<\/p>\n<p><strong>Multa<\/strong><br \/>\nPara quem descumprir a lei, o texto prev\u00ea como penalidade o pagamento de multa pelo candidato ou pelo partido, com valores que variam de R$ 5 mil a R$ 10 mil.<\/p>\n<p>Segundo o autor da proposta, a medida pretende tornar conhecidas pelos eleitores as pessoas contratadas pelos candidatos ou pelos partidos, que v\u00e3o desde o secretariado do comit\u00ea at\u00e9 o coordenador da campanha. &#8220;Essa exig\u00eancia torna mais transparente o processo eleitoral&#8221;, argumenta.<\/p>\n<p><strong>Tramita\u00e7\u00e3o<\/strong><br \/>\nA proposta tramita em regime de <strong><span style=\"color: windowtext;\">prioridade<\/span><\/strong> e ser\u00e1 analisada pela Comiss\u00e3o de Constitui\u00e7\u00e3o e Justi\u00e7a e de Cidadania, antes de seguir para o Plen\u00e1rio.<\/p>\n<p>Ag\u00eancia C\u00e2mara<\/span><\/p>\n","protected":false},"excerpt":{"rendered":"<p>A exig\u00eancia torna mais transparente o processo eleitoral para Dr. Talmir. Tramita na C\u00e2mara o Projeto de Lei 4782\/09, do deputado Dr. Talmir (PV-SP), que obriga os candidatos ou partidos a registrarem nos tribunais regionais eleitorais (TREs) o pessoal contratado para presta\u00e7\u00e3o de servi\u00e7os nas campanhas. A proposta acrescenta dispositivo \u00e0 Lei 9.504\/97, que estabelece [&hellip;]<\/p>\n","protected":false},"author":3,"featured_media":0,"comment_status":"open","ping_status":"open","sticky":false,"template":"","format":"standard","meta":{"tdm_status":"","tdm_grid_status":"","footnotes":""},"categories":[22],"tags":[],"class_list":{"0":"post-1858","1":"post","2":"type-post","3":"status-publish","4":"format-standard","6":"category-brasil"},"_links":{"self":[{"href":"https:\/\/migracao.redenoticia.com.br\/noticia\/wp-json\/wp\/v2\/posts\/1858","targetHints":{"allow":["GET"]}}],"collection":[{"href":"https:\/\/migracao.redenoticia.com.br\/noticia\/wp-json\/wp\/v2\/posts"}],"about":[{"href":"https:\/\/migracao.redenoticia.com.br\/noticia\/wp-json\/wp\/v2\/types\/post"}],"author":[{"embeddable":true,"href":"https:\/\/migracao.redenoticia.com.br\/noticia\/wp-json\/wp\/v2\/users\/3"}],"replies":[{"embeddable":true,"href":"https:\/\/migracao.redenoticia.com.br\/noticia\/wp-json\/wp\/v2\/comments?post=1858"}],"version-history":[{"count":0,"href":"https:\/\/migracao.redenoticia.com.br\/noticia\/wp-json\/wp\/v2\/posts\/1858\/revisions"}],"wp:attachment":[{"href":"https:\/\/migracao.redenoticia.com.br\/noticia\/wp-json\/wp\/v2\/media?parent=1858"}],"wp:term":[{"taxonomy":"category","embeddable":true,"href":"https:\/\/migracao.redenoticia.com.br\/noticia\/wp-json\/wp\/v2\/categories?post=1858"},{"taxonomy":"post_tag","embeddable":true,"href":"https:\/\/migracao.redenoticia.com.br\/noticia\/wp-json\/wp\/v2\/tags?post=1858"}],"curies":[{"name":"wp","href":"https:\/\/api.w.org\/{rel}","templated":true}]}}