{"id":185814,"date":"2019-12-09T15:50:08","date_gmt":"2019-12-09T18:50:08","guid":{"rendered":"https:\/\/www.redenoticia.com.br\/noticia\/?p=185814"},"modified":"2019-12-09T22:08:13","modified_gmt":"2019-12-10T01:08:13","slug":"resumo-novela-topissima-09-12-ultimo-capitulo","status":"publish","type":"post","link":"https:\/\/migracao.redenoticia.com.br\/noticia\/2019\/resumo-novela-topissima-09-12-ultimo-capitulo\/185814","title":{"rendered":"Resumo novela \u201cTop\u00edssima\u201d 09\/12: \u00faltimo cap\u00edtulo"},"content":{"rendered":"<p><img loading=\"lazy\" decoding=\"async\" src=\"https:\/\/migracao.redenoticia.com.br\/noticia\/imagens\/topissima-record-resumo-299x300.jpg\" alt=\"\" width=\"299\" height=\"300\" class=\"aligncenter size-large wp-image-176173\" srcset=\"https:\/\/migracao.redenoticia.com.br\/noticia\/imagens\/topissima-record-resumo-299x300.jpg 299w, https:\/\/migracao.redenoticia.com.br\/noticia\/imagens\/topissima-record-resumo-186x187.jpg 186w, https:\/\/migracao.redenoticia.com.br\/noticia\/imagens\/topissima-record-resumo.jpg 536w\" sizes=\"auto, (max-width: 299px) 100vw, 299px\" \/> <strong><em>Novela \u201cTop\u00edssima\u201d \u00faltimo cap\u00edtulo<\/em><\/strong>: O advogado Alexandre (Gilberto Torres) avisa Antonio (Felipe Cunha) que Sophia (Camila Rodrigues) quer falar com ele. Mariinha (Silvia Pfeifer) afirma: \u201cVoc\u00ea ainda ama a Sophia &#8230; Pois ent\u00e3o! Vai l\u00e1 ouvir o porqu\u00ea desse mal. Alguma raz\u00e3o muito forte a Sophia teve pra te evitar todo esse tempo\u201d.<\/p>\n<p>Antonio vai ao pres\u00eddio e Sophia declara: \u201cDemorei muito pra criar coragem&#8230; E acho que ainda n\u00e3o tenho. Se pudesse, n\u00e3o teria essa conversa que vamos&#8230; Prefiro que voc\u00ea saiba por mim do que a ter uma surpresa &#8230; Quando entrei no pres\u00eddio tive que fazer exames e descobri que&#8230; Que eu estava gr\u00e1vida &#8230; Quando a diretora me comunicou o resultado do exame senti como se estivessem arrancando \u00e0 for\u00e7a o ch\u00e3o sob os meus p\u00e9s. Logo naquele momento que a gente estava recome\u00e7ando, que mesmo presa nesse inferno aqui sabia que voc\u00ea ia estar ao meu lado. Meu passado, minha leviandade veio pra cima de mim como uma tsunami levando tudo de bom que, enfim, eu estava tendo com voc\u00ea. Posso me arrepender do meu passado, mas n\u00e3o apagar ele\u201d.<\/p>\n<p>Sophia chora e continua: \u201cHoje eu jamais teria ido pra cama com o Lima. Uma divers\u00e3o inconsequente. Eu mudei, Antonio, e voc\u00ea estava vendo isso. Mudei, sou uma outra mulher, penso antes de agir, mudei, mas n\u00e3o posso, infelizmente n\u00e3o posso mudar o que eu j\u00e1 fui\u201d.<\/p>\n<p>Antonio declara: \u201cSofri demais por voc\u00ea n\u00e3o querer me ver! T\u00f4 sofrendo agora por voc\u00ea ter omitido isso de mim. &#8230; Obrigado por ter contado. Preciso ir trabalhar. Tudo de bom\u201d. Sophia fica arrasada. Antonio conta para Mariinha: \u201c&#8230;O que mais me doeu, mas doeu mesmo, m\u00e3e, foi ela n\u00e3o ter me contado antes. Sophia n\u00e3o muda\u201d. Mariinha a defende: \u201cEla mudou, sim, mas essa gravidez era algo muito s\u00e9rio, intenso pra Sophia falar. Talvez ela tenha precisado de muito tempo pra ela pr\u00f3pria aceitar que, por uma leviandade, como ela mesma falou pra voc\u00ea, engravidou\u201d. Ant\u00f4nio sofre e conclui: \u201cN\u00e3o me importa mais. Agora eu quero deixar o tempo passar e esquecer tudo isso. S\u00f3 quero que o tempo passe, m\u00e3e\u201d.<\/p>\n<p>Ap\u00f3s passagem de tempo, Carlos, Mariinha e brincam com Daniel e falam sobre a festa do primeiro anivers\u00e1rio do filho de Sophia. Antonio os leva para visitarem a detenta e os espera no seu t\u00e1xi. Na sa\u00edda do pres\u00eddio, doutor Alexandre (Gilberto Torres) liga para Carlos e ele anuncia: \u201cDelegado Andr\u00e9 encontrou quem matou a Lara! Sophia vai sair da pris\u00e3o!\u201d.<\/p>\n<p>A Secret\u00e1ria da Presid\u00eancia e da Reitoria da Universidade Alencar \u00e9 desmascarada e presa pela morte de Lara.<\/p>\n<p>Uma semana depois, todos esperam Sophia e lamentam a aus\u00eancia de Ant\u00f4nio. Sophia chega acompanhada do doutor Alexandre. Daniel a abra\u00e7a e todos se emocionam. Antonio muda de id\u00e9ia e chega na festa. Ele vai at\u00e9 Sophia e diz: \u201cAcho que j\u00e1 perdemos tempo demais. Eu te amo &#8230; Te amo muito\u201d, repete ele. Os dois se beijam apaixonados.<\/p>\n<p>Ap\u00f3s sete anos, Antonio e Daniel encontram Sophia na maternidade, a enfermeira chega com a rec\u00e9m-nascida e a entrega \u00e0 Top\u00edssima. Ant\u00f4nio exclama: \u201cEla \u00e9 linda. Oi, Valentina&#8230; Eu sou seu pai, meu amor\u201d. Um tempo depois, a fam\u00edlia se muda para Salvador para inaugurar mais uma unidade da Universidade Alencar.<\/p>\n<p>Novela \u201cTop\u00edssima\u201d: Na Zona Sul do Rio de Janeiro mora <strong><em>Sophia<\/em><\/strong> (Camila Rodrigues), uma mo\u00e7a independente e feminista, que transformou a produtora de moda Top\u00edssima em refer\u00eancia nacional. Ela \u00e9 filha de Lara (Cristiana Oliveira), uma mulher f\u00fatil que vive em raz\u00e3o da vaidade e do dinheiro, e de Carlos (Maur\u00edcio Mattar), um professor que na juventude trocou seu grande amor, a humilde Mariinha (S\u00edlvia Pfeifer), pela chance de acens\u00e3o social com a atual esposa.<\/p>\n<p>A vida de Sophia vira de cabe\u00e7a para baixo quando sua m\u00e3e prop\u00f5e que ela assuma a presid\u00eancia do Grupo Alencar de Educa\u00e7\u00e3o, contrariando o desejo de seu tio, Paulo Roberto (Floriano Peixoto), que almejava o cargo. Ele \u00e9 um homem inescrupuloso, que mant\u00e9m a falsa imagem de empres\u00e1rio integro, mas trai a mulher Beatriz (C\u00e1ssia Linhares) com a ambiciosa Yasmin (Juliana Didone) e \u00e9 s\u00f3cio na produ\u00e7\u00e3o de drogas com Taylor (Em\u00edlio Orciollo Netto), um americano que mora no Brasil h\u00e1 mais de 20 anos e comanda o esquema ilegal no Vidigal. Lara, no entanto, coloca como condi\u00e7\u00e3o que a filha se case dentro de ano \u2013 uma vez que n\u00e3o aguenta seu jeito de devoradora de homens \u2013 fazendo com que diversos alpinistas sociais a cerquem.<\/p>\n","protected":false},"excerpt":{"rendered":"<p>Novela \u201cTop\u00edssima\u201d \u00faltimo cap\u00edtulo: O advogado Alexandre (Gilberto Torres) avisa Antonio (Felipe Cunha) que Sophia (Camila Rodrigues) quer falar com ele. Mariinha (Silvia Pfeifer) afirma: \u201cVoc\u00ea ainda ama a Sophia &#8230; Pois ent\u00e3o! Vai l\u00e1 ouvir o porqu\u00ea desse mal. Alguma raz\u00e3o muito forte a Sophia teve pra te evitar todo esse tempo\u201d. Antonio vai [&hellip;]<\/p>\n","protected":false},"author":2,"featured_media":176174,"comment_status":"open","ping_status":"closed","sticky":false,"template":"","format":"standard","meta":{"tdm_status":"","tdm_grid_status":"","footnotes":""},"categories":[388,379,371,343,544],"tags":[441],"class_list":{"0":"post-185814","1":"post","2":"type-post","3":"status-publish","4":"format-standard","5":"has-post-thumbnail","7":"category-destaques","8":"category-novelas","9":"category-rede-record","10":"category-televisao","11":"category-topissima","12":"tag-resumo-do-dia"},"_links":{"self":[{"href":"https:\/\/migracao.redenoticia.com.br\/noticia\/wp-json\/wp\/v2\/posts\/185814","targetHints":{"allow":["GET"]}}],"collection":[{"href":"https:\/\/migracao.redenoticia.com.br\/noticia\/wp-json\/wp\/v2\/posts"}],"about":[{"href":"https:\/\/migracao.redenoticia.com.br\/noticia\/wp-json\/wp\/v2\/types\/post"}],"author":[{"embeddable":true,"href":"https:\/\/migracao.redenoticia.com.br\/noticia\/wp-json\/wp\/v2\/users\/2"}],"replies":[{"embeddable":true,"href":"https:\/\/migracao.redenoticia.com.br\/noticia\/wp-json\/wp\/v2\/comments?post=185814"}],"version-history":[{"count":0,"href":"https:\/\/migracao.redenoticia.com.br\/noticia\/wp-json\/wp\/v2\/posts\/185814\/revisions"}],"wp:featuredmedia":[{"embeddable":true,"href":"https:\/\/migracao.redenoticia.com.br\/noticia\/wp-json\/wp\/v2\/media\/176174"}],"wp:attachment":[{"href":"https:\/\/migracao.redenoticia.com.br\/noticia\/wp-json\/wp\/v2\/media?parent=185814"}],"wp:term":[{"taxonomy":"category","embeddable":true,"href":"https:\/\/migracao.redenoticia.com.br\/noticia\/wp-json\/wp\/v2\/categories?post=185814"},{"taxonomy":"post_tag","embeddable":true,"href":"https:\/\/migracao.redenoticia.com.br\/noticia\/wp-json\/wp\/v2\/tags?post=185814"}],"curies":[{"name":"wp","href":"https:\/\/api.w.org\/{rel}","templated":true}]}}