{"id":185821,"date":"2019-12-09T12:29:47","date_gmt":"2019-12-09T15:29:47","guid":{"rendered":"https:\/\/www.redenoticia.com.br\/noticia\/?p=185821"},"modified":"2019-12-09T20:58:29","modified_gmt":"2019-12-09T23:58:29","slug":"resumo-novela-abismo-de-paixao-10-12-elisa-encontra-o-pai-morto-abracado-a-uma-arma","status":"publish","type":"post","link":"https:\/\/migracao.redenoticia.com.br\/noticia\/2019\/resumo-novela-abismo-de-paixao-10-12-elisa-encontra-o-pai-morto-abracado-a-uma-arma\/185821","title":{"rendered":"Resumo novela \u201cAbismo de Paix\u00e3o\u201d 10\/12: Elisa encontra o pai morto"},"content":{"rendered":"<p><img loading=\"lazy\" decoding=\"async\" class=\"aligncenter size-large wp-image-181127\" src=\"https:\/\/migracao.redenoticia.com.br\/noticia\/imagens\/abismo-de-paixao-sbt-resumo-327x300.jpg\" alt=\"\" width=\"327\" height=\"300\" srcset=\"https:\/\/migracao.redenoticia.com.br\/noticia\/imagens\/abismo-de-paixao-sbt-resumo-327x300.jpg 327w, https:\/\/migracao.redenoticia.com.br\/noticia\/imagens\/abismo-de-paixao-sbt-resumo-204x187.jpg 204w, https:\/\/migracao.redenoticia.com.br\/noticia\/imagens\/abismo-de-paixao-sbt-resumo.jpg 426w\" sizes=\"auto, (max-width: 327px) 100vw, 327px\" \/><\/p>\n<p><strong><em>Resumo da novela \u201cAbismo de Paix\u00e3o\u201d<\/em><\/strong> em 10\/12: no cap\u00edtulo 076(*) da novela, ter\u00e7a-feira, 10 de dezembro, no consult\u00f3rio, Henrique pede a Edmundo que pro\u00edba Sabrina de ter uma rela\u00e7\u00e3o com Paulo. Henrique convida Paloma para ir ao cinema e ela aceita. Elisa anda pelo campo se lembrando da conversa que teve com seu pai. Dolores a chama e diz que Augusto precisa dela, pois chegou em casa muito alterado. Na pra\u00e7a, Vicente se aproxima de Sabrina, mas Paulo o coloca pra correr. Vicente sente se mal e Dolores e Elisa o ajudam. Paloma e Henrique correm para chamar Edmundo. Carmem chega \u00e0 casa de Bet\u00e2nia e Edmundo se op\u00f5e a que ela fique ali. Henrique chega e pede ao pai que v\u00e1 ao centro, pois Vicente precisa de ajuda. Elisa chega a sua casa gritando por Augusto. Ela o encontra morto, abra\u00e7ado a uma arma. Dolores liga para L\u00facio e pede que ele ajude Elisa. L\u00facio telefona para Carmem na casa de Bet\u00e2nia para informar lhe do ocorrido, e pede que ela v\u00e1 imediatamente para a fazenda. Carmem chega com Bet\u00e2nia no momento em que est\u00e3o retirando o corpo de Augusto.<\/p>\n<p>Carmem, c\u00ednica, grita que o marido se suicidou com a arma que mantinha no escrit\u00f3rio. Elisa estranha o que a tia disse, e questiona como ela soube do ocorrido com Augusto se n\u00e3o estava em casa quando ele se matou. Carmem diz que se suspeitasse, jamais teria sa\u00eddo de casa. No hospital, Vicente pede para ver Ramiro e Br\u00e1ulio se retira zangado. Na processadora, Almerinda diz a Ramiro que Vicente est\u00e1 no hospital, e que precisa de um transplante de rim. Ele responde que isso n\u00e3o o interessa. L\u00facio informa Malu que Augusto est\u00e1 morto. Malu procura Dami\u00e3o para lhe informar do ocorrido. Almerinda recebe a not\u00edcia, e fica encarregada de informar o filho. Carmem diz a L\u00facio que n\u00e3o haver\u00e1 vel\u00f3rio, j\u00e1 que n\u00e3o quer prolongar o sofrimento dela e de sua sobrinha. L\u00facio responde que v\u00e3o enterrar Augusto junto a Estef\u00e2nia. Carmem grita que jamais permitir\u00e1, pois ele ser\u00e1 enterrado junto a seu filho.<\/p>\n<p>(*) edi\u00e7\u00e3o do SBT, Novela \u201cAbismo de Paix\u00e3o\u201d, sujeito a altera\u00e7\u00e3o de data e conte\u00fado.<\/p>\n<p>&#8220;Abismo de Paix\u00e3o&#8221;- Augusto Casta\u00f1\u00f3n (Alejandro Camacho) e Estef\u00e2nia Bouvier de Casta\u00f1\u00f3n (Ludwika Paleta) s\u00e3o pais de Elisa (Angelique Boyer). Com eles vive Carmen Bouvier (Sabine Moussier), irm\u00e3 mais velha de Estef\u00e2nia e que vai fugir do povoado com Rog\u00e9rio Arango (C\u00e9sar \u00c9vora), esposo de Almerinda Arango (Blanca Guerra) e pai de Dami\u00e3o (David Zepeda), melhor amigo de Elisa. Almerinda descobre e alerta a Augusto.<\/p>\n<p>Por sua parte, Estef\u00e2nia tenta impedir Rog\u00e9rio a n\u00e3o abandonar sua fam\u00edlia, mas devido ao intemp\u00e9rie da chuva, ambos morrem em um acidente de carro. Carmem aproveita o fato para fazer Augusto acreditar que sua esposa era infiel. Augusto, por despeito, casa-se com Carmem, apesar de n\u00e3o estar apaixonado por ela e nem am\u00e1-la. Carmem est\u00e1 gr\u00e1vida de Rog\u00e9rio, mas mente para Augusto, dizendo que o filho \u00e9 dele. <\/p>\n<p>Querendo bater em Elisa, Carmem escorrega e cai na piscina da casa, causando morte s\u00fabita ao beb\u00ea. Por sua parte, Almerinda decide mandar a Dami\u00e3o para fora do povoado a estudar para separ\u00e1-lo de Elisa de quem \u00e9 muito amigo, amizade que ela n\u00e3o v\u00ea com bons olhos, ap\u00f3s inocentemente os dois fugirem juntos.<\/p>\n","protected":false},"excerpt":{"rendered":"<p>Resumo da novela \u201cAbismo de Paix\u00e3o\u201d em 10\/12: no cap\u00edtulo 076(*) da novela, ter\u00e7a-feira, 10 de dezembro, no consult\u00f3rio, Henrique pede a Edmundo que pro\u00edba Sabrina de ter uma rela\u00e7\u00e3o com Paulo. Henrique convida Paloma para ir ao cinema e ela aceita. Elisa anda pelo campo se lembrando da conversa que teve com seu pai. [&hellip;]<\/p>\n","protected":false},"author":4,"featured_media":181126,"comment_status":"open","ping_status":"closed","sticky":false,"template":"","format":"standard","meta":{"tdm_status":"","tdm_grid_status":"","footnotes":""},"categories":[379,372,343],"tags":[441],"class_list":{"0":"post-185821","1":"post","2":"type-post","3":"status-publish","4":"format-standard","5":"has-post-thumbnail","7":"category-novelas","8":"category-sbt","9":"category-televisao","10":"tag-resumo-do-dia"},"_links":{"self":[{"href":"https:\/\/migracao.redenoticia.com.br\/noticia\/wp-json\/wp\/v2\/posts\/185821","targetHints":{"allow":["GET"]}}],"collection":[{"href":"https:\/\/migracao.redenoticia.com.br\/noticia\/wp-json\/wp\/v2\/posts"}],"about":[{"href":"https:\/\/migracao.redenoticia.com.br\/noticia\/wp-json\/wp\/v2\/types\/post"}],"author":[{"embeddable":true,"href":"https:\/\/migracao.redenoticia.com.br\/noticia\/wp-json\/wp\/v2\/users\/4"}],"replies":[{"embeddable":true,"href":"https:\/\/migracao.redenoticia.com.br\/noticia\/wp-json\/wp\/v2\/comments?post=185821"}],"version-history":[{"count":0,"href":"https:\/\/migracao.redenoticia.com.br\/noticia\/wp-json\/wp\/v2\/posts\/185821\/revisions"}],"wp:featuredmedia":[{"embeddable":true,"href":"https:\/\/migracao.redenoticia.com.br\/noticia\/wp-json\/wp\/v2\/media\/181126"}],"wp:attachment":[{"href":"https:\/\/migracao.redenoticia.com.br\/noticia\/wp-json\/wp\/v2\/media?parent=185821"}],"wp:term":[{"taxonomy":"category","embeddable":true,"href":"https:\/\/migracao.redenoticia.com.br\/noticia\/wp-json\/wp\/v2\/categories?post=185821"},{"taxonomy":"post_tag","embeddable":true,"href":"https:\/\/migracao.redenoticia.com.br\/noticia\/wp-json\/wp\/v2\/tags?post=185821"}],"curies":[{"name":"wp","href":"https:\/\/api.w.org\/{rel}","templated":true}]}}