{"id":185823,"date":"2019-12-09T12:30:50","date_gmt":"2019-12-09T15:30:50","guid":{"rendered":"https:\/\/www.redenoticia.com.br\/noticia\/?p=185823"},"modified":"2019-12-09T12:30:50","modified_gmt":"2019-12-09T15:30:50","slug":"resumo-novela-meu-coracao-e-teu-10-12-fernando-confessa-a-diego-que-ama-ana","status":"publish","type":"post","link":"https:\/\/migracao.redenoticia.com.br\/noticia\/2019\/resumo-novela-meu-coracao-e-teu-10-12-fernando-confessa-a-diego-que-ama-ana\/185823","title":{"rendered":"Resumo novela \u201cMeu Cora\u00e7\u00e3o \u00e9 Teu\u201d 10\/12: Fernando confessa a Diego que ama Ana"},"content":{"rendered":"<p><img loading=\"lazy\" decoding=\"async\" src=\"https:\/\/migracao.redenoticia.com.br\/noticia\/imagens\/meu-coracao-e-teu-300x300.jpg\" alt=\"\" width=\"300\" height=\"300\" class=\"aligncenter size-large wp-image-183929\" srcset=\"https:\/\/migracao.redenoticia.com.br\/noticia\/imagens\/meu-coracao-e-teu-300x300.jpg 300w, https:\/\/migracao.redenoticia.com.br\/noticia\/imagens\/meu-coracao-e-teu-187x187.jpg 187w, https:\/\/migracao.redenoticia.com.br\/noticia\/imagens\/meu-coracao-e-teu-150x150.jpg 150w, https:\/\/migracao.redenoticia.com.br\/noticia\/imagens\/meu-coracao-e-teu-140x140.jpg 140w, https:\/\/migracao.redenoticia.com.br\/noticia\/imagens\/meu-coracao-e-teu-85x85.jpg 85w, https:\/\/migracao.redenoticia.com.br\/noticia\/imagens\/meu-coracao-e-teu.jpg 500w\" sizes=\"auto, (max-width: 300px) 100vw, 300px\" \/><\/p>\n<p><strong><em>Resumo da novela \u201cMeu Cora\u00e7\u00e3o \u00e9 Teu\u201d<\/em><\/strong> em ter\u00e7a-feira, 10 \/12: no cap\u00edtulo 027(*) da novela, ter\u00e7a-feira, 10 de dezembro, Ana est\u00e1 fora da casa de Johnny quando chegam homens para embargar a propriedade. Eles a dizem que ela pode apenas retirar os m\u00f3veis de dentro da casa. Jennifer fala com Nicolas para explicar sua enfermidade. Ele se oferece a pagar seu tratamento, mas ela rejeita a oferta. Apesar disso, eles se reconciliam. Ana vai buscar Sebasti\u00e3o e o pro\u00edbe de se juntar aos garotos do hip hop. Ela tenta confort\u00e1-lo ao dizer que Fernando permitiu que ele fa\u00e7a aulas de dan\u00e7a em uma escola. Isabela quer um casamento magistral e pomposo, mas Fernando nega e diz que prefere algo mais simples. Diego rouba um beijo de Ana e ela se zanga.<\/p>\n<p>Todos no hospital est\u00e3o muito nervosos pela opera\u00e7\u00e3o de Jennifer. Diego consola Ana e lhe pede uma oportunidade, pois Fernando ir\u00e1 se casar com Isabela. Ela nega. Isabela fala com Alicia e a diz que elas t\u00eam muitas coisas em comum, pois em sua adolesc\u00eancia ela tamb\u00e9m sofria com as espinhas. Alicia e Isabela come\u00e7am a se dar bem. As outras crian\u00e7as chamam Alicia de traidora. Ana repreende as crian\u00e7as e as diz que todos precisam se esfor\u00e7ar para se dar bem com Isabela. Diego se despede de Ana porque ir\u00e1 viajar por um tempo. Ele a beija amistosamente.<\/p>\n<p>Fernando os v\u00ea e pensa que eles est\u00e3o se beijando. Fernando sofre com ci\u00fames de Ana e briga com Diego no caminho para o aeroporto. Fernando confessa ao irm\u00e3o que ama Ana, mas ter\u00e1 que se casar com outra mulher. Diego o avisa que logo estar\u00e1 de volta ao Brasil. Jennifer chega a sua casa e Ana e Diana a recebem com uma surpresa. Nicolas a apoia incondicionalmente. O tempo passa e Jennifer segue na batalha contra a doen\u00e7a. Diego interrompe o ensaio do casamento quando volta de viagem. Ele traz dois presentes para Ana e a pede que seja seu par no casamento de Fernando. Ela o diz que n\u00e3o pretende ir a cerim\u00f4nia. O Doutor diz a Jennifer que ela est\u00e1 bem. Luz obriga Ana a ir ao casamento. T\u00e2mara e Mauricio chegam a casa de Leon para ficarem vivendo com ele. Eles s\u00e3o sua ex-esposa e seu filho, respectivamente.<\/p>\n<p>Fanny busca Leon, mas ele evita dizer a verdade a ela. Ana recebe o vestido de noiva de Isabela e o v\u00ea. Ela volta a ficar muito triste. As crian\u00e7as dizem a Ana que se ela n\u00e3o for ao casamento, eles tamb\u00e9m n\u00e3o ir\u00e3o. Guille e Alex planejam queimar o vestido de noiva de Isabela, para que assim ela n\u00e3o se case. Isabela insulta Ana por acreditar que ela roubou seu vestido de noiva. Fernando visita Ana em seu quarto antes de ir ao casamento. Ele a explica o porqu\u00ea de estar se casando. Ana pergunta se na realidade alguma vez ele a amou. Ele responde que sim e fica a ponto de beij\u00e1-la.<\/p>\n<p>(*) edi\u00e7\u00e3o do SBT, Novela \u201cMeu Cora\u00e7\u00e3o \u00e9 Teu\u201d, sujeito a altera\u00e7\u00e3o de data e conte\u00fado.<\/p>\n<p>Novela \u201cMeu Cora\u00e7\u00e3o \u00e9 Teu\u201d: Ana Leal \u00e9 uma mulher alegre e otimista. Um desastre destr\u00f3i sua casa e Ana perde tudo o que tem. Fernando Lascur\u00e1in, um prestigiado empres\u00e1rio que se lembra com tristeza que h\u00e1 um ano morreu sua esposa. Fernando \u00e9 o pai de sete filhos: Fanny de 19 anos, Nando de 17 anos, Alicia de 14 anos, Sebasti\u00e3o de 11 anos, os g\u00eameos Alex e Guille de 8 anos e a pequena Luz de 4 anos. Estes sete \u201cpequenos\u201d se encarregaram de fazer a vida de dezenas de bab\u00e1s imposs\u00edvel, mas Fernando precisa urgentemente de uma bab\u00e1 que cuide de seus filhos.<\/p>\n<p>As necessidades e a vontade de se superar, levam Ana a buscar outro trabalho. Sua falta de experi\u00eancia, e sua educa\u00e7\u00e3o prec\u00e1ria complicam o processo de ela encontrar um trabalho est\u00e1vel. Mas o destino tem algo preparado a ela: por uma confus\u00e3o, Ana termina chegando \u00e0 mans\u00e3o Lascur\u00e1in sem saber que l\u00e1 encontrar\u00e1 tudo o que sempre sonhou.<\/p>\n","protected":false},"excerpt":{"rendered":"<p>Resumo da novela \u201cMeu Cora\u00e7\u00e3o \u00e9 Teu\u201d em ter\u00e7a-feira, 10 \/12: no cap\u00edtulo 027(*) da novela, ter\u00e7a-feira, 10 de dezembro, Ana est\u00e1 fora da casa de Johnny quando chegam homens para embargar a propriedade. Eles a dizem que ela pode apenas retirar os m\u00f3veis de dentro da casa. Jennifer fala com Nicolas para explicar sua [&hellip;]<\/p>\n","protected":false},"author":4,"featured_media":183928,"comment_status":"open","ping_status":"closed","sticky":false,"template":"","format":"standard","meta":{"tdm_status":"","tdm_grid_status":"","footnotes":""},"categories":[379,372,343],"tags":[441],"class_list":{"0":"post-185823","1":"post","2":"type-post","3":"status-publish","4":"format-standard","5":"has-post-thumbnail","7":"category-novelas","8":"category-sbt","9":"category-televisao","10":"tag-resumo-do-dia"},"_links":{"self":[{"href":"https:\/\/migracao.redenoticia.com.br\/noticia\/wp-json\/wp\/v2\/posts\/185823","targetHints":{"allow":["GET"]}}],"collection":[{"href":"https:\/\/migracao.redenoticia.com.br\/noticia\/wp-json\/wp\/v2\/posts"}],"about":[{"href":"https:\/\/migracao.redenoticia.com.br\/noticia\/wp-json\/wp\/v2\/types\/post"}],"author":[{"embeddable":true,"href":"https:\/\/migracao.redenoticia.com.br\/noticia\/wp-json\/wp\/v2\/users\/4"}],"replies":[{"embeddable":true,"href":"https:\/\/migracao.redenoticia.com.br\/noticia\/wp-json\/wp\/v2\/comments?post=185823"}],"version-history":[{"count":0,"href":"https:\/\/migracao.redenoticia.com.br\/noticia\/wp-json\/wp\/v2\/posts\/185823\/revisions"}],"wp:featuredmedia":[{"embeddable":true,"href":"https:\/\/migracao.redenoticia.com.br\/noticia\/wp-json\/wp\/v2\/media\/183928"}],"wp:attachment":[{"href":"https:\/\/migracao.redenoticia.com.br\/noticia\/wp-json\/wp\/v2\/media?parent=185823"}],"wp:term":[{"taxonomy":"category","embeddable":true,"href":"https:\/\/migracao.redenoticia.com.br\/noticia\/wp-json\/wp\/v2\/categories?post=185823"},{"taxonomy":"post_tag","embeddable":true,"href":"https:\/\/migracao.redenoticia.com.br\/noticia\/wp-json\/wp\/v2\/tags?post=185823"}],"curies":[{"name":"wp","href":"https:\/\/api.w.org\/{rel}","templated":true}]}}