{"id":185825,"date":"2019-12-09T12:33:48","date_gmt":"2019-12-09T15:33:48","guid":{"rendered":"https:\/\/www.redenoticia.com.br\/noticia\/?p=185825"},"modified":"2019-12-09T20:59:09","modified_gmt":"2019-12-09T23:59:09","slug":"resumo-novela-as-aventuras-de-poliana-10-12-ruth-nao-autoriza-marcelo-viajar-com-joao-e-seu-pai","status":"publish","type":"post","link":"https:\/\/migracao.redenoticia.com.br\/noticia\/2019\/resumo-novela-as-aventuras-de-poliana-10-12-ruth-nao-autoriza-marcelo-viajar-com-joao-e-seu-pai\/185825","title":{"rendered":"Resumo novela \u201cAs Aventuras de Poliana\u201d 10\/12: Ruth n\u00e3o autoriza Marcelo a viajar"},"content":{"rendered":"<p><img loading=\"lazy\" decoding=\"async\" class=\"aligncenter size-large wp-image-148662\" src=\"https:\/\/migracao.redenoticia.com.br\/noticia\/imagens\/as-aventuras-de-poliana-novela-400x267.jpg\" alt=\"\" width=\"400\" height=\"267\" srcset=\"https:\/\/migracao.redenoticia.com.br\/noticia\/imagens\/as-aventuras-de-poliana-novela-400x267.jpg 400w, https:\/\/migracao.redenoticia.com.br\/noticia\/imagens\/as-aventuras-de-poliana-novela-250x167.jpg 250w, https:\/\/migracao.redenoticia.com.br\/noticia\/imagens\/as-aventuras-de-poliana-novela-150x100.jpg 150w, https:\/\/migracao.redenoticia.com.br\/noticia\/imagens\/as-aventuras-de-poliana-novela.jpg 600w\" sizes=\"auto, (max-width: 400px) 100vw, 400px\" \/><\/p>\n<p><strong><em>Resumo novela \u201cAs Aventuras de Poliana\u201d 10\/12<\/em><\/strong>: no cap\u00edtulo 410(*) da novela, ter\u00e7a-feira, 10 de dezembro, Nancy v\u00ea Waldisney conversando com Sophie e fica com ci\u00fames. Ruth n\u00e3o permite que Marcelo v\u00e1 para o Cear\u00e1 com Jo\u00e3o e seu pai. Yasmin pergunta para seu pai se pode ir morar com ele. Raquel recebe outra mensagem an\u00f4nima. Mirela pede a ajuda de Vini para desmascarar a arma\u00e7\u00e3o de Gabriela.<\/p>\n<p>Afonso inicia a campanha de divulga\u00e7\u00e3o do a\u00e7ougue estrelando Lindomar. Lorena incentiva a m\u00e3e a alugar a casa de Claudia para manter o Clubinho ativo. Roger convida Carla para ir a sua casa. Mosquito e sua trupe enquadram Brenda, a intimidam e roubam seus pertences.<\/p>\n<p>(*) edi\u00e7\u00e3o do SBT, Novela \u201cAs Aventuras de Poliana\u201d, sujeito a altera\u00e7\u00e3o de data e conte\u00fado.<\/p>\n<p>\u201cAs Aventuras de Poliana\u201d &#8211; Poliana \u00e9 uma menina extrovertida e de bom cora\u00e7\u00e3o que viajava o Brasil com seus pais, Lorenzo e Alice, no grupo circense Trupe Vagalume. Aos onze anos a garota v\u00ea seu mundo desabar quando seus pais falecem e ela tem que ir morar em S\u00e3o Paulo com sua tia Lu\u00edsa, uma mulher rica e severa, a qual ela n\u00e3o conhecia e que n\u00e3o queria cuidar dela, embora sinta que \u00e9 sua obriga\u00e7\u00e3o pela alma de sua irm\u00e3. <\/p>\n<p>Apesar do jeito da rigidez da tia, Poliana decide ter uma vis\u00e3o positiva e inabal\u00e1vel da vida, mesmo nos momentos de dificuldade, tentando levar um pouco de felicidade para a vida de cada um dos seus novos amigos e vizinhos, como o Sr. Pendleton, um homem rico e infeliz por nunca ter tido filhos. Ela vai estudar no col\u00e9gio de Ruth, uma diretora de bom cora\u00e7\u00e3o que a ajuda a se adaptar, mas tem que lidar com as vilanias de Mirela, garota mais velha que n\u00e3o aceita perder a popularidade para uma novata.<\/p>\n","protected":false},"excerpt":{"rendered":"<p>Resumo novela \u201cAs Aventuras de Poliana\u201d 10\/12: no cap\u00edtulo 410(*) da novela, ter\u00e7a-feira, 10 de dezembro, Nancy v\u00ea Waldisney conversando com Sophie e fica com ci\u00fames. Ruth n\u00e3o permite que Marcelo v\u00e1 para o Cear\u00e1 com Jo\u00e3o e seu pai. Yasmin pergunta para seu pai se pode ir morar com ele. Raquel recebe outra mensagem [&hellip;]<\/p>\n","protected":false},"author":4,"featured_media":148663,"comment_status":"open","ping_status":"closed","sticky":false,"template":"","format":"standard","meta":{"tdm_status":"","tdm_grid_status":"","footnotes":""},"categories":[477,379,372,343],"tags":[441],"class_list":{"0":"post-185825","1":"post","2":"type-post","3":"status-publish","4":"format-standard","5":"has-post-thumbnail","7":"category-as-aventuras-de-poliana","8":"category-novelas","9":"category-sbt","10":"category-televisao","11":"tag-resumo-do-dia"},"_links":{"self":[{"href":"https:\/\/migracao.redenoticia.com.br\/noticia\/wp-json\/wp\/v2\/posts\/185825","targetHints":{"allow":["GET"]}}],"collection":[{"href":"https:\/\/migracao.redenoticia.com.br\/noticia\/wp-json\/wp\/v2\/posts"}],"about":[{"href":"https:\/\/migracao.redenoticia.com.br\/noticia\/wp-json\/wp\/v2\/types\/post"}],"author":[{"embeddable":true,"href":"https:\/\/migracao.redenoticia.com.br\/noticia\/wp-json\/wp\/v2\/users\/4"}],"replies":[{"embeddable":true,"href":"https:\/\/migracao.redenoticia.com.br\/noticia\/wp-json\/wp\/v2\/comments?post=185825"}],"version-history":[{"count":0,"href":"https:\/\/migracao.redenoticia.com.br\/noticia\/wp-json\/wp\/v2\/posts\/185825\/revisions"}],"wp:featuredmedia":[{"embeddable":true,"href":"https:\/\/migracao.redenoticia.com.br\/noticia\/wp-json\/wp\/v2\/media\/148663"}],"wp:attachment":[{"href":"https:\/\/migracao.redenoticia.com.br\/noticia\/wp-json\/wp\/v2\/media?parent=185825"}],"wp:term":[{"taxonomy":"category","embeddable":true,"href":"https:\/\/migracao.redenoticia.com.br\/noticia\/wp-json\/wp\/v2\/categories?post=185825"},{"taxonomy":"post_tag","embeddable":true,"href":"https:\/\/migracao.redenoticia.com.br\/noticia\/wp-json\/wp\/v2\/tags?post=185825"}],"curies":[{"name":"wp","href":"https:\/\/api.w.org\/{rel}","templated":true}]}}