{"id":185845,"date":"2019-12-13T16:08:41","date_gmt":"2019-12-13T19:08:41","guid":{"rendered":"https:\/\/www.redenoticia.com.br\/noticia\/?p=185845"},"modified":"2019-12-13T16:11:48","modified_gmt":"2019-12-13T19:11:48","slug":"novela-eramos-seis-lola-aceita-proposta-de-afonso","status":"publish","type":"post","link":"https:\/\/migracao.redenoticia.com.br\/noticia\/2019\/novela-eramos-seis-lola-aceita-proposta-de-afonso\/185845","title":{"rendered":"Novela \u201c\u00c9ramos Seis\u201d: Lola aceita ser s\u00f3cia de Afonso"},"content":{"rendered":"<p><img loading=\"lazy\" decoding=\"async\" src=\"https:\/\/migracao.redenoticia.com.br\/noticia\/imagens\/eramos-seis-resumo-noticia-novela-02-300x300.jpg\" alt=\"\" width=\"300\" height=\"300\" class=\"aligncenter size-large wp-image-182542\" srcset=\"https:\/\/migracao.redenoticia.com.br\/noticia\/imagens\/eramos-seis-resumo-noticia-novela-02-300x300.jpg 300w, https:\/\/migracao.redenoticia.com.br\/noticia\/imagens\/eramos-seis-resumo-noticia-novela-02-187x187.jpg 187w, https:\/\/migracao.redenoticia.com.br\/noticia\/imagens\/eramos-seis-resumo-noticia-novela-02.jpg 524w\" sizes=\"auto, (max-width: 300px) 100vw, 300px\" \/> <strong><em>Novela \u201c\u00c9ramos Seis\u201d:<\/em><\/strong> Lola (Gloria Pires) come\u00e7a a fazer doces para vender e pagar as contas. Afonso (C\u00e1ssio Gabus Mendes) descobre que ela busca os ingredientes em outro armaz\u00e9m porque, para ajud\u00e1-la, ele n\u00e3o tem anotado suas compras.<\/p>\n<p>Afonso resolve fazer uma proposta: \u201cEnt\u00e3o veja, dona Lola, n\u00e3o gosta de me pedir mais fiado, eu entendo. Mas se formos s\u00f3cios\u2026 Leva compotas pra vender no meu armaz\u00e9m. Deixa na minha vitrine por consigna\u00e7\u00e3o. Vendeu, vendeu. N\u00e3o vendeu, eu lhe devolvo os doces &#8230; Vou botar minha margem de lucro em cima do seu pre\u00e7o. A senhora me passa a \u2018x\u2019, eu vendo os doces por \u2018dois X\u2019. \u00c9 assim que funciona no com\u00e9rcio &#8230; N\u00e3o estou sendo lesado, sua produ\u00e7\u00e3o me interessa, sendo minha s\u00f3cia. Sem contar a alegria que sinto em poder ajudar sua fam\u00edlia\u201d.<\/p>\n<p>Lola aceita a proposta: \u201cEst\u00e1 sendo t\u00e3o gentil que me deixa sem sa\u00edda\u201d. Cena prevista para dia 16 de dezembro na novela \u201c\u00c9ramos Seis\u201d.<\/p>\n<p>\u201c\u00c9ramos Seis\u201d: Casada com J\u00falio (Antonio Calloni), Lola (Gloria Pires) \u00e9 uma esposa devotada e m\u00e3e de quatro filhos: Carlos (Xande Valois\/ Danilo Mesquita), o mais velho e motivo de orgulho para os pais; Alfredo (Pedro Sol\/ Nicolas Prattes), rebelde que vive se metendo em confus\u00f5es e tem ci\u00fames do irm\u00e3o; Isabel (Maju Lima\/ Giullia Buscacio), determinada e independente, \u00e9 a favorita do pai &#8211; por ser a \u00fanica filha mulher; e Julinho (Davi de Oliveira\/ Andr\u00e9 Luiz Frambach), o ca\u00e7ula da fam\u00edlia &#8211; que desde crian\u00e7a demonstra habilidade para lidar com dinheiro.<\/p>\n<p>A hist\u00f3ria come\u00e7a com Lola e J\u00falio passando sufoco para poder pagar as parcelas do casar\u00e3o que compraram em S\u00e3o Paulo. O primeiro bem do casal sai mais caro do que eles previam por causa dos alt\u00edssimos juros do financiamento banc\u00e1rio. O im\u00f3vel acaba gerando um impasse entre eles: para ela, o local \u00e9 a alma da fam\u00edlia. Para ele, um empecilho para melhorar de vida.<\/p>\n","protected":false},"excerpt":{"rendered":"<p>Novela \u201c\u00c9ramos Seis\u201d: Lola (Gloria Pires) come\u00e7a a fazer doces para vender e pagar as contas. Afonso (C\u00e1ssio Gabus Mendes) descobre que ela busca os ingredientes em outro armaz\u00e9m porque, para ajud\u00e1-la, ele n\u00e3o tem anotado suas compras. Afonso resolve fazer uma proposta: \u201cEnt\u00e3o veja, dona Lola, n\u00e3o gosta de me pedir mais fiado, eu [&hellip;]<\/p>\n","protected":false},"author":2,"featured_media":184321,"comment_status":"open","ping_status":"closed","sticky":false,"template":"","format":"standard","meta":{"tdm_status":"","tdm_grid_status":"","footnotes":""},"categories":[388,548,379,375,343],"tags":[440],"class_list":{"0":"post-185845","1":"post","2":"type-post","3":"status-publish","4":"format-standard","5":"has-post-thumbnail","7":"category-destaques","8":"category-eramos-seis","9":"category-novelas","10":"category-rede-globo","11":"category-televisao","12":"tag-noticia-novela"},"_links":{"self":[{"href":"https:\/\/migracao.redenoticia.com.br\/noticia\/wp-json\/wp\/v2\/posts\/185845","targetHints":{"allow":["GET"]}}],"collection":[{"href":"https:\/\/migracao.redenoticia.com.br\/noticia\/wp-json\/wp\/v2\/posts"}],"about":[{"href":"https:\/\/migracao.redenoticia.com.br\/noticia\/wp-json\/wp\/v2\/types\/post"}],"author":[{"embeddable":true,"href":"https:\/\/migracao.redenoticia.com.br\/noticia\/wp-json\/wp\/v2\/users\/2"}],"replies":[{"embeddable":true,"href":"https:\/\/migracao.redenoticia.com.br\/noticia\/wp-json\/wp\/v2\/comments?post=185845"}],"version-history":[{"count":0,"href":"https:\/\/migracao.redenoticia.com.br\/noticia\/wp-json\/wp\/v2\/posts\/185845\/revisions"}],"wp:featuredmedia":[{"embeddable":true,"href":"https:\/\/migracao.redenoticia.com.br\/noticia\/wp-json\/wp\/v2\/media\/184321"}],"wp:attachment":[{"href":"https:\/\/migracao.redenoticia.com.br\/noticia\/wp-json\/wp\/v2\/media?parent=185845"}],"wp:term":[{"taxonomy":"category","embeddable":true,"href":"https:\/\/migracao.redenoticia.com.br\/noticia\/wp-json\/wp\/v2\/categories?post=185845"},{"taxonomy":"post_tag","embeddable":true,"href":"https:\/\/migracao.redenoticia.com.br\/noticia\/wp-json\/wp\/v2\/tags?post=185845"}],"curies":[{"name":"wp","href":"https:\/\/api.w.org\/{rel}","templated":true}]}}