{"id":185886,"date":"2019-12-10T12:17:35","date_gmt":"2019-12-10T15:17:35","guid":{"rendered":"https:\/\/www.redenoticia.com.br\/noticia\/?p=185886"},"modified":"2019-12-10T12:17:35","modified_gmt":"2019-12-10T15:17:35","slug":"resumo-novela-abismo-de-paixao-11-12-damiao-descobre-que-augusto-morreu","status":"publish","type":"post","link":"https:\/\/migracao.redenoticia.com.br\/noticia\/2019\/resumo-novela-abismo-de-paixao-11-12-damiao-descobre-que-augusto-morreu\/185886","title":{"rendered":"Resumo novela \u201cAbismo de Paix\u00e3o\u201d 11\/12: Dami\u00e3o descobre que Augusto morreu"},"content":{"rendered":"<p><img loading=\"lazy\" decoding=\"async\" class=\"aligncenter size-large wp-image-181127\" src=\"https:\/\/migracao.redenoticia.com.br\/noticia\/imagens\/abismo-de-paixao-sbt-resumo-327x300.jpg\" alt=\"\" width=\"327\" height=\"300\" srcset=\"https:\/\/migracao.redenoticia.com.br\/noticia\/imagens\/abismo-de-paixao-sbt-resumo-327x300.jpg 327w, https:\/\/migracao.redenoticia.com.br\/noticia\/imagens\/abismo-de-paixao-sbt-resumo-204x187.jpg 204w, https:\/\/migracao.redenoticia.com.br\/noticia\/imagens\/abismo-de-paixao-sbt-resumo.jpg 426w\" sizes=\"auto, (max-width: 327px) 100vw, 327px\" \/><\/p>\n<p><strong><em>Resumo da novela \u201cAbismo de Paix\u00e3o\u201d<\/em><\/strong> em 11\/12: no cap\u00edtulo 077(*) da novela, quarta-feira, 11 de dezembro, Edmundo perde o hor\u00e1rio do encontro com Ingrid e, ao chegar, \u00e9 informado por um gar\u00e7om que ela j\u00e1 foi embora. Ingrid chega de mal humor e explica para Ramiro que foi a capital comprar um colar. Henrique procura Paloma e Ramona diz que ela n\u00e3o est\u00e1. Carmem diz a Elisa que n\u00e3o haver\u00e1 vel\u00f3rio, j\u00e1 que acha ruim prolongarem todo esse sofrimento. Dami\u00e3o comenta com Afonso que tem uma sensa\u00e7\u00e3o estranha, como se algo muito ruim tivesse ocorrido. Br\u00e1ulio chega a casa de Ramiro para exigir que ele v\u00e1 ao hospital ver Vicente. Ramiro o agride. Gael pede perd\u00e3o a Paloma e eles acabam fazendo amor. Ramona diz ao Padre Lupe que se sente culpada pela morte de Augusto. Br\u00e1ulio exige que Ramiro v\u00e1 ao hospital ver Vicente, j\u00e1 que ele \u00e9 seu filho. Ramiro responde que Vicente n\u00e3o \u00e9 seu filho. Ingrid o expulsa de sua casa.<\/p>\n<p>Dolores pensa em avisar Padre Lupe e Gael que n\u00e3o velaram Augusto, mas Carmem a impede. Dami\u00e3o tem um pesadelo e n\u00e3o consegue dormir. Ele pressente que algo de mal acontece com Elisa. Bet\u00e2nia reclama com Edmundo por ele ter chegado tarde. Ele se justifica dizendo que teve que atender o filho de Ant\u00f4nia. Bet\u00e2nia conta ao marido que Augusto se suicidou. Elisa chora no jardim e grita por Dami\u00e3o, enquanto Almerinda, Flor\u00eancia e Paulo a ignoram e dormem. Dami\u00e3o chega \u00e0 fazenda e pergunta por Elisa, mas Carmem o expulsa, dizendo que j\u00e1 \u00e9 de madrugada, e Elisa est\u00e1 dormindo. Ramona chega triste e descobre que Gael e Paloma est\u00e3o juntos. Ela fica zangada, pois Elisa precisa deles agora que Augusto est\u00e1 morto. Paulo informa Dami\u00e3o que Elisa esteve na fazenda na noite anterior, gritando e chorando por ele, j\u00e1 que seu pai morreu. Dami\u00e3o sai correndo para apoiar Elisa. Padre Lupe vai atr\u00e1s de Hor\u00e1cio para perguntar-lhe sobre a morte de Augusto.<\/p>\n<p>(*) edi\u00e7\u00e3o do SBT, Novela \u201cAbismo de Paix\u00e3o\u201d, sujeito a altera\u00e7\u00e3o de data e conte\u00fado.<\/p>\n<p>&#8220;Abismo de Paix\u00e3o&#8221;- Augusto Casta\u00f1\u00f3n (Alejandro Camacho) e Estef\u00e2nia Bouvier de Casta\u00f1\u00f3n (Ludwika Paleta) s\u00e3o pais de Elisa (Angelique Boyer). Com eles vive Carmen Bouvier (Sabine Moussier), irm\u00e3 mais velha de Estef\u00e2nia e que vai fugir do povoado com Rog\u00e9rio Arango (C\u00e9sar \u00c9vora), esposo de Almerinda Arango (Blanca Guerra) e pai de Dami\u00e3o (David Zepeda), melhor amigo de Elisa. Almerinda descobre e alerta a Augusto.<\/p>\n<p>Por sua parte, Estef\u00e2nia tenta impedir Rog\u00e9rio a n\u00e3o abandonar sua fam\u00edlia, mas devido ao intemp\u00e9rie da chuva, ambos morrem em um acidente de carro. Carmem aproveita o fato para fazer Augusto acreditar que sua esposa era infiel. Augusto, por despeito, casa-se com Carmem, apesar de n\u00e3o estar apaixonado por ela e nem am\u00e1-la. Carmem est\u00e1 gr\u00e1vida de Rog\u00e9rio, mas mente para Augusto, dizendo que o filho \u00e9 dele. <\/p>\n<p>Querendo bater em Elisa, Carmem escorrega e cai na piscina da casa, causando morte s\u00fabita ao beb\u00ea. Por sua parte, Almerinda decide mandar a Dami\u00e3o para fora do povoado a estudar para separ\u00e1-lo de Elisa de quem \u00e9 muito amigo, amizade que ela n\u00e3o v\u00ea com bons olhos, ap\u00f3s inocentemente os dois fugirem juntos.<\/p>\n","protected":false},"excerpt":{"rendered":"<p>Resumo da novela \u201cAbismo de Paix\u00e3o\u201d em 11\/12: no cap\u00edtulo 077(*) da novela, quarta-feira, 11 de dezembro, Edmundo perde o hor\u00e1rio do encontro com Ingrid e, ao chegar, \u00e9 informado por um gar\u00e7om que ela j\u00e1 foi embora. Ingrid chega de mal humor e explica para Ramiro que foi a capital comprar um colar. Henrique [&hellip;]<\/p>\n","protected":false},"author":4,"featured_media":181126,"comment_status":"open","ping_status":"closed","sticky":false,"template":"","format":"standard","meta":{"tdm_status":"","tdm_grid_status":"","footnotes":""},"categories":[379,372,343],"tags":[441],"class_list":{"0":"post-185886","1":"post","2":"type-post","3":"status-publish","4":"format-standard","5":"has-post-thumbnail","7":"category-novelas","8":"category-sbt","9":"category-televisao","10":"tag-resumo-do-dia"},"_links":{"self":[{"href":"https:\/\/migracao.redenoticia.com.br\/noticia\/wp-json\/wp\/v2\/posts\/185886","targetHints":{"allow":["GET"]}}],"collection":[{"href":"https:\/\/migracao.redenoticia.com.br\/noticia\/wp-json\/wp\/v2\/posts"}],"about":[{"href":"https:\/\/migracao.redenoticia.com.br\/noticia\/wp-json\/wp\/v2\/types\/post"}],"author":[{"embeddable":true,"href":"https:\/\/migracao.redenoticia.com.br\/noticia\/wp-json\/wp\/v2\/users\/4"}],"replies":[{"embeddable":true,"href":"https:\/\/migracao.redenoticia.com.br\/noticia\/wp-json\/wp\/v2\/comments?post=185886"}],"version-history":[{"count":0,"href":"https:\/\/migracao.redenoticia.com.br\/noticia\/wp-json\/wp\/v2\/posts\/185886\/revisions"}],"wp:featuredmedia":[{"embeddable":true,"href":"https:\/\/migracao.redenoticia.com.br\/noticia\/wp-json\/wp\/v2\/media\/181126"}],"wp:attachment":[{"href":"https:\/\/migracao.redenoticia.com.br\/noticia\/wp-json\/wp\/v2\/media?parent=185886"}],"wp:term":[{"taxonomy":"category","embeddable":true,"href":"https:\/\/migracao.redenoticia.com.br\/noticia\/wp-json\/wp\/v2\/categories?post=185886"},{"taxonomy":"post_tag","embeddable":true,"href":"https:\/\/migracao.redenoticia.com.br\/noticia\/wp-json\/wp\/v2\/tags?post=185886"}],"curies":[{"name":"wp","href":"https:\/\/api.w.org\/{rel}","templated":true}]}}