{"id":1859,"date":"2009-05-21T09:37:06","date_gmt":"2009-05-21T13:37:06","guid":{"rendered":"http:\/\/www.redenoticia.com.br\/noticia\/?p=1859"},"modified":"2009-05-21T11:45:18","modified_gmt":"2009-05-21T15:45:18","slug":"passaredo-reune-personalidades-e-empresarios-em-ji-parana","status":"publish","type":"post","link":"https:\/\/migracao.redenoticia.com.br\/noticia\/2009\/passaredo-reune-personalidades-e-empresarios-em-ji-parana\/1859","title":{"rendered":"Passaredo re\u00fane personalidades e empres\u00e1rios em Ji-Paran\u00e1"},"content":{"rendered":"<p><span style=\"font-family: Arial; color: windowtext;\">Na noite de ontem (20), a <\/span><span style=\"font-family: Arial;\">empresa a\u00e9rea Passaredo recepcionou empres\u00e1rios, agentes de viagem e imprensa local <span> <\/span>para oficializar a inclus\u00e3o de Ji-Paran\u00e1 na rota do nov\u00edssimo avi\u00e3o ERJ 145 no pr\u00f3ximo dia 1\u00ba de junho <span> <\/span><\/span><\/p>\n<p><span style=\"font-family: Arial;\">Estiveram presentes v\u00e1rios diretores de entidades com grande representatividade na cidade e regi\u00e3o, como ACIJIP, JI-CRED e ARR.<\/span><\/p>\n<p><span style=\"font-family: Arial;\">O Supervisor de Vendas, Ricardo Sampaio e o gerente de Marketing, Keco Corr\u00eaa <\/span><span style=\"font-family: Arial; color: windowtext;\">estavam \u00e0 frete do evento e ficaram surpresos com a receptividade da Passaredo na regi\u00e3o. Na certeza do sucesso, anunciaram que a Empresa est\u00e1 recebendo o segundo jato nesta semana e em breve disponibilizar\u00e1 mais um v\u00f4o para Ji-Paran\u00e1.<\/span><\/p>\n<p><span style=\"font-family: Arial; color: windowtext;\">Entre uma breve apresenta\u00e7\u00e3o e v\u00e1rios sorteios, os representantes da Passaredo divulgaram que o in\u00edcio da opera\u00e7\u00e3o contar\u00e1 com um pre\u00e7o promocional e as passagens j\u00e1 podem ser adquiridas no site da empresa.<\/span><\/p>\n","protected":false},"excerpt":{"rendered":"<p>Na noite de ontem (20), a empresa a\u00e9rea Passaredo recepcionou empres\u00e1rios, agentes de viagem e imprensa local para oficializar a inclus\u00e3o de Ji-Paran\u00e1 na rota do nov\u00edssimo avi\u00e3o ERJ 145 no pr\u00f3ximo dia 1\u00ba de junho Estiveram presentes v\u00e1rios diretores de entidades com grande representatividade na cidade e regi\u00e3o, como ACIJIP, JI-CRED e ARR. O [&hellip;]<\/p>\n","protected":false},"author":3,"featured_media":0,"comment_status":"open","ping_status":"open","sticky":false,"template":"","format":"standard","meta":{"tdm_status":"","tdm_grid_status":"","footnotes":""},"categories":[22],"tags":[],"class_list":{"0":"post-1859","1":"post","2":"type-post","3":"status-publish","4":"format-standard","6":"category-brasil"},"_links":{"self":[{"href":"https:\/\/migracao.redenoticia.com.br\/noticia\/wp-json\/wp\/v2\/posts\/1859","targetHints":{"allow":["GET"]}}],"collection":[{"href":"https:\/\/migracao.redenoticia.com.br\/noticia\/wp-json\/wp\/v2\/posts"}],"about":[{"href":"https:\/\/migracao.redenoticia.com.br\/noticia\/wp-json\/wp\/v2\/types\/post"}],"author":[{"embeddable":true,"href":"https:\/\/migracao.redenoticia.com.br\/noticia\/wp-json\/wp\/v2\/users\/3"}],"replies":[{"embeddable":true,"href":"https:\/\/migracao.redenoticia.com.br\/noticia\/wp-json\/wp\/v2\/comments?post=1859"}],"version-history":[{"count":0,"href":"https:\/\/migracao.redenoticia.com.br\/noticia\/wp-json\/wp\/v2\/posts\/1859\/revisions"}],"wp:attachment":[{"href":"https:\/\/migracao.redenoticia.com.br\/noticia\/wp-json\/wp\/v2\/media?parent=1859"}],"wp:term":[{"taxonomy":"category","embeddable":true,"href":"https:\/\/migracao.redenoticia.com.br\/noticia\/wp-json\/wp\/v2\/categories?post=1859"},{"taxonomy":"post_tag","embeddable":true,"href":"https:\/\/migracao.redenoticia.com.br\/noticia\/wp-json\/wp\/v2\/tags?post=1859"}],"curies":[{"name":"wp","href":"https:\/\/api.w.org\/{rel}","templated":true}]}}