{"id":185964,"date":"2019-12-13T16:01:53","date_gmt":"2019-12-13T19:01:53","guid":{"rendered":"https:\/\/www.redenoticia.com.br\/noticia\/?p=185964"},"modified":"2019-12-13T16:12:02","modified_gmt":"2019-12-13T19:12:02","slug":"novela-eramos-seis-caxumba-se-espalha-pela-familia-de-olga","status":"publish","type":"post","link":"https:\/\/migracao.redenoticia.com.br\/noticia\/2019\/novela-eramos-seis-caxumba-se-espalha-pela-familia-de-olga\/185964","title":{"rendered":"Novela \u201c\u00c9ramos Seis\u201d: Caxumba se espalha pela fam\u00edlia de Olga"},"content":{"rendered":"<p><img loading=\"lazy\" decoding=\"async\" src=\"https:\/\/migracao.redenoticia.com.br\/noticia\/imagens\/eramos-seis-familia-301x300.jpg\" alt=\"\" width=\"301\" height=\"300\" class=\"aligncenter size-large wp-image-184321\" srcset=\"https:\/\/migracao.redenoticia.com.br\/noticia\/imagens\/eramos-seis-familia-301x300.jpg 301w, https:\/\/migracao.redenoticia.com.br\/noticia\/imagens\/eramos-seis-familia-187x187.jpg 187w, https:\/\/migracao.redenoticia.com.br\/noticia\/imagens\/eramos-seis-familia-150x150.jpg 150w, https:\/\/migracao.redenoticia.com.br\/noticia\/imagens\/eramos-seis-familia-140x140.jpg 140w, https:\/\/migracao.redenoticia.com.br\/noticia\/imagens\/eramos-seis-familia-85x85.jpg 85w, https:\/\/migracao.redenoticia.com.br\/noticia\/imagens\/eramos-seis-familia.jpg 525w\" sizes=\"auto, (max-width: 301px) 100vw, 301px\" \/> <strong><em>Novela \u201c\u00c9ramos Seis\u201d:<\/em><\/strong> Olga (Maria Eduarda de Carvalho) se preocupa com a sa\u00fade de seu filho que est\u00e1 com dor para engolir os alimentos. O m\u00e9dico examina todos e descobre que as crian\u00e7as est\u00e3o com caxumba: \u201cAinda n\u00e3o temos vacina pra esta doen\u00e7a\u2026 Quisera eu que tivesse vacina pra todos os males. Quem sabe um dia?\u201d.<\/p>\n<p>Dona Maria (Denise Weinberg) relembra que Lola (Gloria Pires) e Clotilde (Simone Spoladore) j\u00e1 tiveram a doen\u00e7a, mas Olga ainda n\u00e3o. Zeca (Eduardo Sterblich) chega em casa e se espanta: \u201cOlga do c\u00e9u! Meus filhos! Como \u00e9 que foi acontecer isso?\u201d. Olga explica: \u201cComo \u00e9 que acha que essas coisas acontecem? Algu\u00e9m trouxe essa coisa pra dentro de casa &#8230; O doutor diz que n\u00e3o tem conhecimento de caxumba em Itapetinga. Voc\u00ea que trouxe de S\u00e3o Paulo\u201d.<\/p>\n<p>Zeca lamenta: \u201cEu? Como se estou bem, olha aqui, pesco\u00e7o fino, animado, acabei de vir de uma reuni\u00e3o de neg\u00f3cios! Vamos assinar o contrato amanh\u00e3 no cart\u00f3rio. Meus filhos, que d\u00f3. Papai n\u00e3o pode dar colo pra voc\u00eas\u201d. Logo depois, Zeca sofre: \u201cOlguinha\u2026 Acuda, acuda seu marido. Acho que estou ficando doente\u201d. O m\u00e9dico examina Zeca e diz que ele precisa de repouso absoluto. Dona Maria (Denise Weinberg) explica para Olga que a doen\u00e7a atinge homens adultos de forma diferente: \u201cA caxumba pode descer, minha filha. \u00c9 isso! Filha, v\u00ea se entende. A inflama\u00e7\u00e3o daqui de cima pode ir l\u00e1 pra baixo\u2026 L\u00e1!\u201d. <\/p>\n<p>Olga garante: \u201cN\u00e3o vou deixar descer! Nem que tenha que segurar eu mesma! Mas n\u00e3o desce! Zeca n\u00e3o vai mover uma pena nessa casa. E n\u00e3o sai nem puxado pra assinar coisa alguma. Sou muito jovem para ter marido prejudicado. De jeito maneira! Ah, mas n\u00e3o desce mesmo!\u201d. Cena prevista para dia 16 de dezembro na novela \u201c\u00c9ramos Seis\u201d.<\/p>\n<p>\u201c\u00c9ramos Seis\u201d: Casada com J\u00falio (Antonio Calloni), Lola (Gloria Pires) \u00e9 uma esposa devotada e m\u00e3e de quatro filhos: Carlos (Xande Valois\/ Danilo Mesquita), o mais velho e motivo de orgulho para os pais; Alfredo (Pedro Sol\/ Nicolas Prattes), rebelde que vive se metendo em confus\u00f5es e tem ci\u00fames do irm\u00e3o; Isabel (Maju Lima\/ Giullia Buscacio), determinada e independente, \u00e9 a favorita do pai &#8211; por ser a \u00fanica filha mulher; e Julinho (Davi de Oliveira\/ Andr\u00e9 Luiz Frambach), o ca\u00e7ula da fam\u00edlia &#8211; que desde crian\u00e7a demonstra habilidade para lidar com dinheiro.<\/p>\n<p>A hist\u00f3ria come\u00e7a com Lola e J\u00falio passando sufoco para poder pagar as parcelas do casar\u00e3o que compraram em S\u00e3o Paulo. O primeiro bem do casal sai mais caro do que eles previam por causa dos alt\u00edssimos juros do financiamento banc\u00e1rio. O im\u00f3vel acaba gerando um impasse entre eles: para ela, o local \u00e9 a alma da fam\u00edlia. Para ele, um empecilho para melhorar de vida.<\/p>\n","protected":false},"excerpt":{"rendered":"<p>Novela \u201c\u00c9ramos Seis\u201d: Olga (Maria Eduarda de Carvalho) se preocupa com a sa\u00fade de seu filho que est\u00e1 com dor para engolir os alimentos. O m\u00e9dico examina todos e descobre que as crian\u00e7as est\u00e3o com caxumba: \u201cAinda n\u00e3o temos vacina pra esta doen\u00e7a\u2026 Quisera eu que tivesse vacina pra todos os males. Quem sabe um [&hellip;]<\/p>\n","protected":false},"author":2,"featured_media":182542,"comment_status":"open","ping_status":"closed","sticky":false,"template":"","format":"standard","meta":{"tdm_status":"","tdm_grid_status":"","footnotes":""},"categories":[388,548,379,375,343],"tags":[440],"class_list":{"0":"post-185964","1":"post","2":"type-post","3":"status-publish","4":"format-standard","5":"has-post-thumbnail","7":"category-destaques","8":"category-eramos-seis","9":"category-novelas","10":"category-rede-globo","11":"category-televisao","12":"tag-noticia-novela"},"_links":{"self":[{"href":"https:\/\/migracao.redenoticia.com.br\/noticia\/wp-json\/wp\/v2\/posts\/185964","targetHints":{"allow":["GET"]}}],"collection":[{"href":"https:\/\/migracao.redenoticia.com.br\/noticia\/wp-json\/wp\/v2\/posts"}],"about":[{"href":"https:\/\/migracao.redenoticia.com.br\/noticia\/wp-json\/wp\/v2\/types\/post"}],"author":[{"embeddable":true,"href":"https:\/\/migracao.redenoticia.com.br\/noticia\/wp-json\/wp\/v2\/users\/2"}],"replies":[{"embeddable":true,"href":"https:\/\/migracao.redenoticia.com.br\/noticia\/wp-json\/wp\/v2\/comments?post=185964"}],"version-history":[{"count":0,"href":"https:\/\/migracao.redenoticia.com.br\/noticia\/wp-json\/wp\/v2\/posts\/185964\/revisions"}],"wp:featuredmedia":[{"embeddable":true,"href":"https:\/\/migracao.redenoticia.com.br\/noticia\/wp-json\/wp\/v2\/media\/182542"}],"wp:attachment":[{"href":"https:\/\/migracao.redenoticia.com.br\/noticia\/wp-json\/wp\/v2\/media?parent=185964"}],"wp:term":[{"taxonomy":"category","embeddable":true,"href":"https:\/\/migracao.redenoticia.com.br\/noticia\/wp-json\/wp\/v2\/categories?post=185964"},{"taxonomy":"post_tag","embeddable":true,"href":"https:\/\/migracao.redenoticia.com.br\/noticia\/wp-json\/wp\/v2\/tags?post=185964"}],"curies":[{"name":"wp","href":"https:\/\/api.w.org\/{rel}","templated":true}]}}