{"id":185996,"date":"2019-12-12T12:19:40","date_gmt":"2019-12-12T15:19:40","guid":{"rendered":"https:\/\/www.redenoticia.com.br\/noticia\/?p=185996"},"modified":"2019-12-12T12:19:40","modified_gmt":"2019-12-12T15:19:40","slug":"resumo-novela-abismo-de-paixao-13-12-padre-lupe-acredita-que-carmem-matou-augusto","status":"publish","type":"post","link":"https:\/\/migracao.redenoticia.com.br\/noticia\/2019\/resumo-novela-abismo-de-paixao-13-12-padre-lupe-acredita-que-carmem-matou-augusto\/185996","title":{"rendered":"Resumo novela \u201cAbismo de Paix\u00e3o\u201d 13\/12: Padre Lupe acredita que Carmem matou Augusto"},"content":{"rendered":"<p><img loading=\"lazy\" decoding=\"async\" class=\"aligncenter size-large wp-image-181127\" src=\"https:\/\/migracao.redenoticia.com.br\/noticia\/imagens\/abismo-de-paixao-sbt-resumo-327x300.jpg\" alt=\"\" width=\"327\" height=\"300\" srcset=\"https:\/\/migracao.redenoticia.com.br\/noticia\/imagens\/abismo-de-paixao-sbt-resumo-327x300.jpg 327w, https:\/\/migracao.redenoticia.com.br\/noticia\/imagens\/abismo-de-paixao-sbt-resumo-204x187.jpg 204w, https:\/\/migracao.redenoticia.com.br\/noticia\/imagens\/abismo-de-paixao-sbt-resumo.jpg 426w\" sizes=\"auto, (max-width: 327px) 100vw, 327px\" \/><\/p>\n<p><strong><em>Resumo da novela \u201cAbismo de Paix\u00e3o\u201d<\/em><\/strong> em 13\/12: no cap\u00edtulo 079(*) da novela, sexta-feira, 13 de dezembro, ele diz que Ramiro esteve l\u00e1 quando Vicente estava dormindo. Na fazenda Arango, Flor\u00eancia exige a Almerinda que cumpra com o trato que fizeram. Dami\u00e3o diz a Elisa que j\u00e1 \u00e9 hora de fugirem juntos. Elisa, feliz, aceita e pede a Dolores que a ajude a empacotar as coisas, j\u00e1 que ir\u00e1 embora com Dami\u00e3o. Dolores pede a Dami\u00e3o que cuide de Elisa, j\u00e1 que ela \u00e9 a \u00fanica coisa que ama. Dami\u00e3o promete que cuidar\u00e1 de Elisa como da pr\u00f3pria vida. Elisa e Dami\u00e3o est\u00e3o a ponto de ir embora quando chega Almerinda para informar Flor\u00eancia espera um filho de Dami\u00e3o. Na fazenda Castanhon, Elisa diz a Dami\u00e3o que n\u00e3o pode mais ir com ele, j\u00e1 que a gravidez de Flor\u00eancia muda tudo. Na igreja, Paloma diz a Gael que n\u00e3o quer que ele se sinta obrigado a seguir com ela depois do que ocorreu entre eles.<\/p>\n<p>Elisa diz a Dolores que n\u00e3o ir\u00e1 com Dami\u00e3o, pois Flor\u00eancia est\u00e1 gr\u00e1vida. Na fazenda Arango, Almerinda pede a Ramiro que investigue o valor da fazenda da vi\u00fava Beltr\u00e1n. Ele responde que acredita que a fazenda j\u00e1 foi vendida. Carmem prop\u00f5e a Elisa que fa\u00e7a um esfor\u00e7o para que vivam melhor, j\u00e1 que agora ambas est\u00e3o s\u00f3s. Na igreja, Padre Lupe pergunta a Elisa porque ela nega a possibilidade de ser feliz ao lado de Dami\u00e3o. Elisa responde que nas atuais circunstancias n\u00e3o pode pensar nisso. Bet\u00e2nia diz a Sabrina que seu pai n\u00e3o est\u00e1 de acordo com sua rela\u00e7\u00e3o com Paulo.<\/p>\n<p>Elisa encontra Paulo no quarto de Carmem e, furiosa, a esbofeteia. Na cabana de Ramona, Paloma diz a sua av\u00f3 que se entregou a Gael por amor. L\u00facio diz a Malu que se sente mal por n\u00e3o poder apoiar Elisa como queria. Ramiro diz a Ingrid que agora que Augusto morreu, far\u00e1 um bom neg\u00f3cio. Ramiro consegue que a vi\u00fava Beltr\u00e1n assine um contrato de venda da fazenda. Na fazenda Arango, Carmem diz a Almerinda que se Paulo n\u00e3o deixar de persegui-la, o denunciar\u00e1 a pol\u00edcia. No pres\u00eddio, um advogado entrega a Guido sua ordem de soltura e diz que Almerinda retirou todas as acusa\u00e7\u00f5es que mantinha contra ele. Padre Lupe diz a Carmem que est\u00e1 quase certo que foi ela quem matou Augusto.<\/p>\n<p>(*) edi\u00e7\u00e3o do SBT, Novela \u201cAbismo de Paix\u00e3o\u201d, sujeito a altera\u00e7\u00e3o de data e conte\u00fado.<\/p>\n<p>&#8220;Abismo de Paix\u00e3o&#8221;- Augusto Casta\u00f1\u00f3n (Alejandro Camacho) e Estef\u00e2nia Bouvier de Casta\u00f1\u00f3n (Ludwika Paleta) s\u00e3o pais de Elisa (Angelique Boyer). Com eles vive Carmen Bouvier (Sabine Moussier), irm\u00e3 mais velha de Estef\u00e2nia e que vai fugir do povoado com Rog\u00e9rio Arango (C\u00e9sar \u00c9vora), esposo de Almerinda Arango (Blanca Guerra) e pai de Dami\u00e3o (David Zepeda), melhor amigo de Elisa. Almerinda descobre e alerta a Augusto.<\/p>\n<p>Por sua parte, Estef\u00e2nia tenta impedir Rog\u00e9rio a n\u00e3o abandonar sua fam\u00edlia, mas devido ao intemp\u00e9rie da chuva, ambos morrem em um acidente de carro. Carmem aproveita o fato para fazer Augusto acreditar que sua esposa era infiel. Augusto, por despeito, casa-se com Carmem, apesar de n\u00e3o estar apaixonado por ela e nem am\u00e1-la. Carmem est\u00e1 gr\u00e1vida de Rog\u00e9rio, mas mente para Augusto, dizendo que o filho \u00e9 dele. <\/p>\n<p>Querendo bater em Elisa, Carmem escorrega e cai na piscina da casa, causando morte s\u00fabita ao beb\u00ea. Por sua parte, Almerinda decide mandar a Dami\u00e3o para fora do povoado a estudar para separ\u00e1-lo de Elisa de quem \u00e9 muito amigo, amizade que ela n\u00e3o v\u00ea com bons olhos, ap\u00f3s inocentemente os dois fugirem juntos.<\/p>\n","protected":false},"excerpt":{"rendered":"<p>Resumo da novela \u201cAbismo de Paix\u00e3o\u201d em 13\/12: no cap\u00edtulo 079(*) da novela, sexta-feira, 13 de dezembro, ele diz que Ramiro esteve l\u00e1 quando Vicente estava dormindo. Na fazenda Arango, Flor\u00eancia exige a Almerinda que cumpra com o trato que fizeram. Dami\u00e3o diz a Elisa que j\u00e1 \u00e9 hora de fugirem juntos. Elisa, feliz, aceita [&hellip;]<\/p>\n","protected":false},"author":4,"featured_media":181126,"comment_status":"open","ping_status":"closed","sticky":false,"template":"","format":"standard","meta":{"tdm_status":"","tdm_grid_status":"","footnotes":""},"categories":[379,372,343],"tags":[441],"class_list":{"0":"post-185996","1":"post","2":"type-post","3":"status-publish","4":"format-standard","5":"has-post-thumbnail","7":"category-novelas","8":"category-sbt","9":"category-televisao","10":"tag-resumo-do-dia"},"_links":{"self":[{"href":"https:\/\/migracao.redenoticia.com.br\/noticia\/wp-json\/wp\/v2\/posts\/185996","targetHints":{"allow":["GET"]}}],"collection":[{"href":"https:\/\/migracao.redenoticia.com.br\/noticia\/wp-json\/wp\/v2\/posts"}],"about":[{"href":"https:\/\/migracao.redenoticia.com.br\/noticia\/wp-json\/wp\/v2\/types\/post"}],"author":[{"embeddable":true,"href":"https:\/\/migracao.redenoticia.com.br\/noticia\/wp-json\/wp\/v2\/users\/4"}],"replies":[{"embeddable":true,"href":"https:\/\/migracao.redenoticia.com.br\/noticia\/wp-json\/wp\/v2\/comments?post=185996"}],"version-history":[{"count":0,"href":"https:\/\/migracao.redenoticia.com.br\/noticia\/wp-json\/wp\/v2\/posts\/185996\/revisions"}],"wp:featuredmedia":[{"embeddable":true,"href":"https:\/\/migracao.redenoticia.com.br\/noticia\/wp-json\/wp\/v2\/media\/181126"}],"wp:attachment":[{"href":"https:\/\/migracao.redenoticia.com.br\/noticia\/wp-json\/wp\/v2\/media?parent=185996"}],"wp:term":[{"taxonomy":"category","embeddable":true,"href":"https:\/\/migracao.redenoticia.com.br\/noticia\/wp-json\/wp\/v2\/categories?post=185996"},{"taxonomy":"post_tag","embeddable":true,"href":"https:\/\/migracao.redenoticia.com.br\/noticia\/wp-json\/wp\/v2\/tags?post=185996"}],"curies":[{"name":"wp","href":"https:\/\/api.w.org\/{rel}","templated":true}]}}