{"id":185998,"date":"2019-12-12T12:21:02","date_gmt":"2019-12-12T15:21:02","guid":{"rendered":"https:\/\/www.redenoticia.com.br\/noticia\/?p=185998"},"modified":"2019-12-12T12:21:02","modified_gmt":"2019-12-12T15:21:02","slug":"resumo-novela-meu-coracao-e-teu-13-12-fanny-acredita-que-leon-esconde-algo","status":"publish","type":"post","link":"https:\/\/migracao.redenoticia.com.br\/noticia\/2019\/resumo-novela-meu-coracao-e-teu-13-12-fanny-acredita-que-leon-esconde-algo\/185998","title":{"rendered":"Resumo novela \u201cMeu Cora\u00e7\u00e3o \u00e9 Teu\u201d 13\/12: Fanny acredita que Leon esconde algo"},"content":{"rendered":"<p><img loading=\"lazy\" decoding=\"async\" src=\"https:\/\/migracao.redenoticia.com.br\/noticia\/imagens\/meu-coracao-e-teu-300x300.jpg\" alt=\"\" width=\"300\" height=\"300\" class=\"aligncenter size-large wp-image-183929\" srcset=\"https:\/\/migracao.redenoticia.com.br\/noticia\/imagens\/meu-coracao-e-teu-300x300.jpg 300w, https:\/\/migracao.redenoticia.com.br\/noticia\/imagens\/meu-coracao-e-teu-187x187.jpg 187w, https:\/\/migracao.redenoticia.com.br\/noticia\/imagens\/meu-coracao-e-teu-150x150.jpg 150w, https:\/\/migracao.redenoticia.com.br\/noticia\/imagens\/meu-coracao-e-teu-140x140.jpg 140w, https:\/\/migracao.redenoticia.com.br\/noticia\/imagens\/meu-coracao-e-teu-85x85.jpg 85w, https:\/\/migracao.redenoticia.com.br\/noticia\/imagens\/meu-coracao-e-teu.jpg 500w\" sizes=\"auto, (max-width: 300px) 100vw, 300px\" \/><\/p>\n<p><strong><em>Resumo da novela \u201cMeu Cora\u00e7\u00e3o \u00e9 Teu\u201d<\/em><\/strong> em 13\/12: no cap\u00edtulo 030(*) da novela, sexta-feira, 13 de dezembro, Fernando concorda e diz que realmente n\u00e3o pode mais mostrar tanto ci\u00fame. Quando Fernando est\u00e1 se despedindo de seus filhos chegam Ana e Diego, de bra\u00e7os dados, e Fernando fica visivelmente incomodado. Fernando e Ana se olham. Ele a pede perd\u00e3o. Ana, com l\u00e1grimas nos olhos, sussurra que agora sim est\u00e1 tudo terminado. Nicolas diz a Diego que o seu maior desejo \u00e9 que ele e Fernando se reconciliem, mas caso Diego siga tentando algo com Ana, isso jamais acontecer\u00e1.<\/p>\n<p>Leon diz a Tamara que tem uma namorada. Tamara responde que nunca deixou de am\u00e1-lo. Fanny conta a Ana o que ocorreu com Leon. Fanny e Leon discutem por tudo que est\u00e1 acontecendo e ele volta a negar que esteja ocorrendo algo diferente. Em plena lua de mel, Fernando n\u00e3o consegue tirar Ana de seus pensamentos. Isabela tenta atrair a aten\u00e7\u00e3o de Fernando, mas ele a todo momento se mostra distante, pois n\u00e3o para de pensar em Ana.<\/p>\n<p>(*) edi\u00e7\u00e3o do SBT, Novela \u201cMeu Cora\u00e7\u00e3o \u00e9 Teu\u201d, sujeito a altera\u00e7\u00e3o de data e conte\u00fado.<\/p>\n<p>Novela \u201cMeu Cora\u00e7\u00e3o \u00e9 Teu\u201d: Ana Leal \u00e9 uma mulher alegre e otimista. Um desastre destr\u00f3i sua casa e Ana perde tudo o que tem. Fernando Lascur\u00e1in, um prestigiado empres\u00e1rio que se lembra com tristeza que h\u00e1 um ano morreu sua esposa. Fernando \u00e9 o pai de sete filhos: Fanny de 19 anos, Nando de 17 anos, Alicia de 14 anos, Sebasti\u00e3o de 11 anos, os g\u00eameos Alex e Guille de 8 anos e a pequena Luz de 4 anos. Estes sete \u201cpequenos\u201d se encarregaram de fazer a vida de dezenas de bab\u00e1s imposs\u00edvel, mas Fernando precisa urgentemente de uma bab\u00e1 que cuide de seus filhos.<\/p>\n<p>As necessidades e a vontade de se superar, levam Ana a buscar outro trabalho. Sua falta de experi\u00eancia, e sua educa\u00e7\u00e3o prec\u00e1ria complicam o processo de ela encontrar um trabalho est\u00e1vel. Mas o destino tem algo preparado a ela: por uma confus\u00e3o, Ana termina chegando \u00e0 mans\u00e3o Lascur\u00e1in sem saber que l\u00e1 encontrar\u00e1 tudo o que sempre sonhou.<\/p>\n","protected":false},"excerpt":{"rendered":"<p>Resumo da novela \u201cMeu Cora\u00e7\u00e3o \u00e9 Teu\u201d em 13\/12: no cap\u00edtulo 030(*) da novela, sexta-feira, 13 de dezembro, Fernando concorda e diz que realmente n\u00e3o pode mais mostrar tanto ci\u00fame. Quando Fernando est\u00e1 se despedindo de seus filhos chegam Ana e Diego, de bra\u00e7os dados, e Fernando fica visivelmente incomodado. Fernando e Ana se olham. [&hellip;]<\/p>\n","protected":false},"author":4,"featured_media":183928,"comment_status":"open","ping_status":"closed","sticky":false,"template":"","format":"standard","meta":{"tdm_status":"","tdm_grid_status":"","footnotes":""},"categories":[379,372,343],"tags":[441],"class_list":{"0":"post-185998","1":"post","2":"type-post","3":"status-publish","4":"format-standard","5":"has-post-thumbnail","7":"category-novelas","8":"category-sbt","9":"category-televisao","10":"tag-resumo-do-dia"},"_links":{"self":[{"href":"https:\/\/migracao.redenoticia.com.br\/noticia\/wp-json\/wp\/v2\/posts\/185998","targetHints":{"allow":["GET"]}}],"collection":[{"href":"https:\/\/migracao.redenoticia.com.br\/noticia\/wp-json\/wp\/v2\/posts"}],"about":[{"href":"https:\/\/migracao.redenoticia.com.br\/noticia\/wp-json\/wp\/v2\/types\/post"}],"author":[{"embeddable":true,"href":"https:\/\/migracao.redenoticia.com.br\/noticia\/wp-json\/wp\/v2\/users\/4"}],"replies":[{"embeddable":true,"href":"https:\/\/migracao.redenoticia.com.br\/noticia\/wp-json\/wp\/v2\/comments?post=185998"}],"version-history":[{"count":0,"href":"https:\/\/migracao.redenoticia.com.br\/noticia\/wp-json\/wp\/v2\/posts\/185998\/revisions"}],"wp:featuredmedia":[{"embeddable":true,"href":"https:\/\/migracao.redenoticia.com.br\/noticia\/wp-json\/wp\/v2\/media\/183928"}],"wp:attachment":[{"href":"https:\/\/migracao.redenoticia.com.br\/noticia\/wp-json\/wp\/v2\/media?parent=185998"}],"wp:term":[{"taxonomy":"category","embeddable":true,"href":"https:\/\/migracao.redenoticia.com.br\/noticia\/wp-json\/wp\/v2\/categories?post=185998"},{"taxonomy":"post_tag","embeddable":true,"href":"https:\/\/migracao.redenoticia.com.br\/noticia\/wp-json\/wp\/v2\/tags?post=185998"}],"curies":[{"name":"wp","href":"https:\/\/api.w.org\/{rel}","templated":true}]}}