{"id":186004,"date":"2019-12-12T12:55:51","date_gmt":"2019-12-12T15:55:51","guid":{"rendered":"https:\/\/www.redenoticia.com.br\/noticia\/?p=186004"},"modified":"2019-12-12T12:55:51","modified_gmt":"2019-12-12T15:55:51","slug":"resumo-novela-avenida-brasil-13-12-nina-descobre-que-carminha-e-a-mae-biologica-de-jorginho","status":"publish","type":"post","link":"https:\/\/migracao.redenoticia.com.br\/noticia\/2019\/resumo-novela-avenida-brasil-13-12-nina-descobre-que-carminha-e-a-mae-biologica-de-jorginho\/186004","title":{"rendered":"Resumo novela \u201cAvenida Brasil\u201d 13\/12: Nina descobre que Carminha \u00e9 a m\u00e3e biol\u00f3gica de Jorginho"},"content":{"rendered":"<p><img loading=\"lazy\" decoding=\"async\" src=\"https:\/\/migracao.redenoticia.com.br\/noticia\/imagens\/avenida-brasil-resumo-capitulo-01-348x300.jpg\" alt=\"\" width=\"348\" height=\"300\" class=\"aligncenter size-large wp-image-182543\" srcset=\"https:\/\/migracao.redenoticia.com.br\/noticia\/imagens\/avenida-brasil-resumo-capitulo-01-348x300.jpg 348w, https:\/\/migracao.redenoticia.com.br\/noticia\/imagens\/avenida-brasil-resumo-capitulo-01-217x187.jpg 217w, https:\/\/migracao.redenoticia.com.br\/noticia\/imagens\/avenida-brasil-resumo-capitulo-01-534x462.jpg 534w, https:\/\/migracao.redenoticia.com.br\/noticia\/imagens\/avenida-brasil-resumo-capitulo-01.jpg 590w\" sizes=\"auto, (max-width: 348px) 100vw, 348px\" \/><\/p>\n<p><strong><em>Resumo novela \u201cAvenida Brasil\u201d 13\/12<\/em><\/strong>: no cap\u00edtulo 050(*) da novela, sexta-feira, 13 de dezembro, Nina fica satisfeita por ter conseguido enganar Carminha e agradece Bet\u00e2nia por t\u00ea-la ajudado. Jorginho reage ao saber que Rita supostamente foi embora. No\u00eamia conta para Tom\u00e1s que descobriu o caso de Cadinho com Alexia. Tuf\u00e3o mente para Carminha quando ela o flagra entregando o presente que comprou para Nina. Ver\u00f4nica e No\u00eamia se juntam contra Alexia. Paloma conta para Cadinho que Ruy tem alergia a camar\u00e3o. Leleco finge gostar das rabanadas que Tess\u00e1lia faz para ele. Max perde dinheiro no j\u00f3quei, fica nervoso e destrata Ivana. Roni estranha o comportamento de Di\u00f3genes.<\/p>\n<p>Olenka fica impressionada com o amor de Silas por Monalisa. Darkson v\u00ea Suelen ser expulsa de um dep\u00f3sito e a leva para o bar de seu pai. Soninha\/Dolores procura Roni e Di\u00f3genes a manda embora de sua loja. Jorginho fica intrigado ao saber que Tuf\u00e3o deu um presente para Nina. Suelen passa mal e vai parar em um hospital. Ela seduz o enfermeiro e ele confirma para todos que Suelen est\u00e1 gr\u00e1vida. Nilo revela a Nina que Carminha \u00e9 a m\u00e3e biol\u00f3gica de Jorginho.<\/p>\n<p>(*) edi\u00e7\u00e3o da Rede Globo, Novela \u201cAvenida Brasil\u201d, sujeito a altera\u00e7\u00e3o de data e conte\u00fado.<\/p>\n<p>&#8220;Avenida Brasil&#8221; conta a hist\u00f3ria de uma jovem que, desde os 11 anos, planeja um acerto de contas com a madrasta. Rita (Mel Maia), \u00f3rf\u00e3 de m\u00e3e, era criada, com muito amor, pelo pai Gen\u00e9sio (Tony Ramos). Tudo muda quando ele se casa com Carmen L\u00facia, a Carminha (Adriana Esteves), uma mulher ambiciosa e dissimulada. Com Gen\u00e9sio, ela se passava por esposa doce e dedicada; com Rita, era uma madrasta m\u00e1.<\/p>\n<p>A menina entra em desespero ao descobrir, ap\u00f3s ouvir uma conversa da madrasta ao telefone, que Carminha est\u00e1 armando um golpe contra seu pai: ele ser\u00e1 abordado na sa\u00edda do banco, logo ap\u00f3s receber o pagamento pela venda da casa onde mora com a filha e a nova esposa. A transa\u00e7\u00e3o \u00e9 ideia de Carminha. Gen\u00e9sio titubeia, afinal a casa \u00e9 heran\u00e7a da falecida esposa, mas decide vender o patrim\u00f4nio para comprar outra casa. Carminha n\u00e3o arquitetou nada sozinha na novela &#8220;Avenida Brasil&#8221;. Cada passo foi acompanhado por Max (Marcello Novaes), seu amante e parceiro em golpes. Tendo ouvido o plano, Rita corre para alertar o pai, mas ele acha que a hist\u00f3ria n\u00e3o passa de implic\u00e2ncia da filha com a madrasta e, aparentemente, n\u00e3o a leva a s\u00e9rio.<\/p>\n","protected":false},"excerpt":{"rendered":"<p>Resumo novela \u201cAvenida Brasil\u201d 13\/12: no cap\u00edtulo 050(*) da novela, sexta-feira, 13 de dezembro, Nina fica satisfeita por ter conseguido enganar Carminha e agradece Bet\u00e2nia por t\u00ea-la ajudado. Jorginho reage ao saber que Rita supostamente foi embora. No\u00eamia conta para Tom\u00e1s que descobriu o caso de Cadinho com Alexia. Tuf\u00e3o mente para Carminha quando ela [&hellip;]<\/p>\n","protected":false},"author":4,"featured_media":182544,"comment_status":"open","ping_status":"closed","sticky":false,"template":"","format":"standard","meta":{"tdm_status":"","tdm_grid_status":"","footnotes":""},"categories":[549,379,375,343],"tags":[441],"class_list":{"0":"post-186004","1":"post","2":"type-post","3":"status-publish","4":"format-standard","5":"has-post-thumbnail","7":"category-avenida-brasil","8":"category-novelas","9":"category-rede-globo","10":"category-televisao","11":"tag-resumo-do-dia"},"_links":{"self":[{"href":"https:\/\/migracao.redenoticia.com.br\/noticia\/wp-json\/wp\/v2\/posts\/186004","targetHints":{"allow":["GET"]}}],"collection":[{"href":"https:\/\/migracao.redenoticia.com.br\/noticia\/wp-json\/wp\/v2\/posts"}],"about":[{"href":"https:\/\/migracao.redenoticia.com.br\/noticia\/wp-json\/wp\/v2\/types\/post"}],"author":[{"embeddable":true,"href":"https:\/\/migracao.redenoticia.com.br\/noticia\/wp-json\/wp\/v2\/users\/4"}],"replies":[{"embeddable":true,"href":"https:\/\/migracao.redenoticia.com.br\/noticia\/wp-json\/wp\/v2\/comments?post=186004"}],"version-history":[{"count":0,"href":"https:\/\/migracao.redenoticia.com.br\/noticia\/wp-json\/wp\/v2\/posts\/186004\/revisions"}],"wp:featuredmedia":[{"embeddable":true,"href":"https:\/\/migracao.redenoticia.com.br\/noticia\/wp-json\/wp\/v2\/media\/182544"}],"wp:attachment":[{"href":"https:\/\/migracao.redenoticia.com.br\/noticia\/wp-json\/wp\/v2\/media?parent=186004"}],"wp:term":[{"taxonomy":"category","embeddable":true,"href":"https:\/\/migracao.redenoticia.com.br\/noticia\/wp-json\/wp\/v2\/categories?post=186004"},{"taxonomy":"post_tag","embeddable":true,"href":"https:\/\/migracao.redenoticia.com.br\/noticia\/wp-json\/wp\/v2\/tags?post=186004"}],"curies":[{"name":"wp","href":"https:\/\/api.w.org\/{rel}","templated":true}]}}