{"id":186081,"date":"2019-12-14T19:52:54","date_gmt":"2019-12-14T22:52:54","guid":{"rendered":"https:\/\/www.redenoticia.com.br\/noticia\/?p=186081"},"modified":"2019-12-14T19:52:54","modified_gmt":"2019-12-14T22:52:54","slug":"resumo-novela-meu-coracao-e-teu-16-12-johnny-descobre-que-foi-despejado","status":"publish","type":"post","link":"https:\/\/migracao.redenoticia.com.br\/noticia\/2019\/resumo-novela-meu-coracao-e-teu-16-12-johnny-descobre-que-foi-despejado\/186081","title":{"rendered":"Resumo novela \u201cMeu Cora\u00e7\u00e3o \u00e9 Teu\u201d 16\/12: Johnny descobre que foi despejado"},"content":{"rendered":"<p> <img loading=\"lazy\" decoding=\"async\" class=\"aligncenter size-large wp-image-183929\" src=\"https:\/\/migracao.redenoticia.com.br\/noticia\/imagens\/meu-coracao-e-teu-300x300.jpg\" alt=\"\" width=\"300\" height=\"300\" srcset=\"https:\/\/migracao.redenoticia.com.br\/noticia\/imagens\/meu-coracao-e-teu-300x300.jpg 300w, https:\/\/migracao.redenoticia.com.br\/noticia\/imagens\/meu-coracao-e-teu-187x187.jpg 187w, https:\/\/migracao.redenoticia.com.br\/noticia\/imagens\/meu-coracao-e-teu-150x150.jpg 150w, https:\/\/migracao.redenoticia.com.br\/noticia\/imagens\/meu-coracao-e-teu-140x140.jpg 140w, https:\/\/migracao.redenoticia.com.br\/noticia\/imagens\/meu-coracao-e-teu-85x85.jpg 85w, https:\/\/migracao.redenoticia.com.br\/noticia\/imagens\/meu-coracao-e-teu.jpg 500w\" sizes=\"auto, (max-width: 300px) 100vw, 300px\" \/><\/p>\n<p><strong><em>Resumo da novela \u201cMeu Cora\u00e7\u00e3o \u00e9 Teu\u201d<\/em><\/strong> em 16\/12: no cap\u00edtulo 031(*) da novela, segunda-feira, 16 de dezembro, Ana diz a Fanny que seu pai volta de viagem no dia seguinte e elas ter\u00e3o que ag\u00fcentar a megera. Fanny diz a Ana que ela poderia pensar em dar uma oportunidade a Diego, pois seu pai j\u00e1 deu um novo rumo para sua vida e n\u00e3o tem o direito de reclamar mais nada. Bruno e Manuela est\u00e3o \u00e0 espera de Fernando e Isabela, para lhes dar as boas vindas. Yolanda diz aos dois que ela \u00e9 quem ir\u00e1 mandar na mans\u00e3o. Ana fica muito triste quando Isabela diz que agora est\u00e1 ali como dona e senhora da casa e que se ela quiser ir embora, a porta da rua \u00e9 a serventia da casa. Ana e Bruno pensam em ir embora, mas voltam atr\u00e1s por causa das crian\u00e7as, que os amam tanto. Fernando pede a Yolanda que trate Bruno com respeito quando a ouve destratar o mordomo.<\/p>\n<p>Isabela diz a Ana que agora \u00e9 ela quem manda. Diego pede a Fernando permiss\u00e3o para ajudar Sebasti\u00e3o. Ana pede a Diego e Fernando que se perdoem para que juntos possam ajudar Sebasti\u00e3o. Manuela diz a Ana que se Johnny n\u00e3o aparece \u00e9 porque certamente aconteceu algo com ele. Diego diz a Fernando que est\u00e1 apaixonado por Ana e que pediu a ela uma oportunidade. Sebasti\u00e3o reclama com o pai por ele ter se casado com Isabela. Johnny descobre que foi despejado e pede ajuda a Ana. Ela oferece sua casa onde ele pode morar com ela e Jennifer. Fernando diz a Ana que Diego falou sobre suas inten\u00e7\u00f5es e gostaria de saber o que ela pensa sobre o assunto. Ana diz a Fernando que ele perdeu qualquer direito de question\u00e1-la em assuntos de sua vida pessoal no momento em que casou se com Isabela.<\/p>\n<p>Leon diz a Tamara que ela e Mauricio podem ficar no quarto de pens\u00e3o, e que ele ir\u00e1 viver na casa de sua m\u00e3e. Ele pede o divorcio, ela nega. Helena diz a Nando que \u00e9 bipolar, e que ningu\u00e9m pode ajud\u00e1-la nisso, que \u00e9 uma pessoa \u201ct\u00f3xica\u201d e pode contamin\u00e1-lo. Fernando v\u00ea que Ana e Diego est\u00e3o a ponto de se beijarem e pede a ela que n\u00e3o se esque\u00e7a que \u00e9 uma empregada e n\u00e3o deve descuidar de seus filhos. Diego reclama com Fernando pelo que ele acaba de dizer a Ana. Fernando responde que dos empregados da mans\u00e3o, cuida ele. Ana diz a Fernando que ele deveria falar com Nando, pois seu filho est\u00e1 com problemas. Nicolas aparece e diz que Helena \u00e9 muito inst\u00e1vel. Johnny conta a Jennifer tudo que aconteceu e o porque de seu desaparecimento. Guille, Alex e Luz colocam uma aranha de pl\u00e1stico na sopa detox de Isabela. Fernando castiga as crian\u00e7as e diz a Ana que ela precisa falar seriamente com eles. Diego vai atr\u00e1s de Dorival para pagar a divida de Ana.<\/p>\n<p>(*) edi\u00e7\u00e3o do SBT, Novela \u201cMeu Cora\u00e7\u00e3o \u00e9 Teu\u201d, sujeito a altera\u00e7\u00e3o de data e conte\u00fado.<\/p>\n<p>Novela \u201cMeu Cora\u00e7\u00e3o \u00e9 Teu\u201d: Ana Leal \u00e9 uma mulher alegre e otimista. Um desastre destr\u00f3i sua casa e Ana perde tudo o que tem. Fernando Lascur\u00e1in, um prestigiado empres\u00e1rio que se lembra com tristeza que h\u00e1 um ano morreu sua esposa. Fernando \u00e9 o pai de sete filhos: Fanny de 19 anos, Nando de 17 anos, Alicia de 14 anos, Sebasti\u00e3o de 11 anos, os g\u00eameos Alex e Guille de 8 anos e a pequena Luz de 4 anos. Estes sete \u201cpequenos\u201d se encarregaram de fazer a vida de dezenas de bab\u00e1s imposs\u00edvel, mas Fernando precisa urgentemente de uma bab\u00e1 que cuide de seus filhos.<\/p>\n<p>As necessidades e a vontade de se superar, levam Ana a buscar outro trabalho. Sua falta de experi\u00eancia, e sua educa\u00e7\u00e3o prec\u00e1ria complicam o processo de ela encontrar um trabalho est\u00e1vel. Mas o destino tem algo preparado a ela: por uma confus\u00e3o, Ana termina chegando \u00e0 mans\u00e3o Lascur\u00e1in sem saber que l\u00e1 encontrar\u00e1 tudo o que sempre sonhou.<\/p>\n","protected":false},"excerpt":{"rendered":"<p>Resumo da novela \u201cMeu Cora\u00e7\u00e3o \u00e9 Teu\u201d em 16\/12: no cap\u00edtulo 031(*) da novela, segunda-feira, 16 de dezembro, Ana diz a Fanny que seu pai volta de viagem no dia seguinte e elas ter\u00e3o que ag\u00fcentar a megera. Fanny diz a Ana que ela poderia pensar em dar uma oportunidade a Diego, pois seu pai [&hellip;]<\/p>\n","protected":false},"author":2,"featured_media":183928,"comment_status":"open","ping_status":"closed","sticky":false,"template":"","format":"standard","meta":{"tdm_status":"","tdm_grid_status":"","footnotes":""},"categories":[379,372,343],"tags":[441],"class_list":{"0":"post-186081","1":"post","2":"type-post","3":"status-publish","4":"format-standard","5":"has-post-thumbnail","7":"category-novelas","8":"category-sbt","9":"category-televisao","10":"tag-resumo-do-dia"},"_links":{"self":[{"href":"https:\/\/migracao.redenoticia.com.br\/noticia\/wp-json\/wp\/v2\/posts\/186081","targetHints":{"allow":["GET"]}}],"collection":[{"href":"https:\/\/migracao.redenoticia.com.br\/noticia\/wp-json\/wp\/v2\/posts"}],"about":[{"href":"https:\/\/migracao.redenoticia.com.br\/noticia\/wp-json\/wp\/v2\/types\/post"}],"author":[{"embeddable":true,"href":"https:\/\/migracao.redenoticia.com.br\/noticia\/wp-json\/wp\/v2\/users\/2"}],"replies":[{"embeddable":true,"href":"https:\/\/migracao.redenoticia.com.br\/noticia\/wp-json\/wp\/v2\/comments?post=186081"}],"version-history":[{"count":0,"href":"https:\/\/migracao.redenoticia.com.br\/noticia\/wp-json\/wp\/v2\/posts\/186081\/revisions"}],"wp:featuredmedia":[{"embeddable":true,"href":"https:\/\/migracao.redenoticia.com.br\/noticia\/wp-json\/wp\/v2\/media\/183928"}],"wp:attachment":[{"href":"https:\/\/migracao.redenoticia.com.br\/noticia\/wp-json\/wp\/v2\/media?parent=186081"}],"wp:term":[{"taxonomy":"category","embeddable":true,"href":"https:\/\/migracao.redenoticia.com.br\/noticia\/wp-json\/wp\/v2\/categories?post=186081"},{"taxonomy":"post_tag","embeddable":true,"href":"https:\/\/migracao.redenoticia.com.br\/noticia\/wp-json\/wp\/v2\/tags?post=186081"}],"curies":[{"name":"wp","href":"https:\/\/api.w.org\/{rel}","templated":true}]}}