{"id":186083,"date":"2019-12-14T19:56:07","date_gmt":"2019-12-14T22:56:07","guid":{"rendered":"https:\/\/www.redenoticia.com.br\/noticia\/?p=186083"},"modified":"2019-12-14T19:56:07","modified_gmt":"2019-12-14T22:56:07","slug":"resumo-novela-cumplices-de-um-resgate-16-12-rebeca-diz-que-so-teve-uma-filha","status":"publish","type":"post","link":"https:\/\/migracao.redenoticia.com.br\/noticia\/2019\/resumo-novela-cumplices-de-um-resgate-16-12-rebeca-diz-que-so-teve-uma-filha\/186083","title":{"rendered":"Resumo novela \u201cC\u00famplices de um Resgate\u201d 16\/12: Rebeca diz que s\u00f3 teve uma filha"},"content":{"rendered":"<p> <img loading=\"lazy\" decoding=\"async\" class=\"aligncenter size-large wp-image-164526\" src=\"https:\/\/migracao.redenoticia.com.br\/noticia\/imagens\/cumplices-de-um-resgate-001-316x300.jpg\" alt=\"\" width=\"316\" height=\"300\" srcset=\"https:\/\/migracao.redenoticia.com.br\/noticia\/imagens\/cumplices-de-um-resgate-001-316x300.jpg 316w, https:\/\/migracao.redenoticia.com.br\/noticia\/imagens\/cumplices-de-um-resgate-001-197x187.jpg 197w, https:\/\/migracao.redenoticia.com.br\/noticia\/imagens\/cumplices-de-um-resgate-001-150x143.jpg 150w, https:\/\/migracao.redenoticia.com.br\/noticia\/imagens\/cumplices-de-um-resgate-001.jpg 526w\" sizes=\"auto, (max-width: 316px) 100vw, 316px\" \/><\/p>\n<p><strong><em>Resumo novela \u201cC\u00famplices de um Resgate\u201d 16\/12<\/em><\/strong>: no cap\u00edtulo 247(*) da novela, segunda-feira, 16 de dezembro, O pastor pede perd\u00e3o para Flavia e diz que o certo seria ela deixar suas cren\u00e7as nos santos de lado para ficarem juntos. Augusto explica ainda que ser pastor implica miss\u00f5es e atividades que podem se tornar problemas para que os dois fiquem juntos como casal. \u201cVoc\u00ea \u00e9 capaz de deixar a igreja cat\u00f3lica?\u201d, pergunta o pastor. Flavia diz que jamais pediria algo assim para Augusto. Na lanchonete, os funcion\u00e1rios tiram uma foto juntos e Safira faz quest\u00e3o de abra\u00e7ar Ot\u00e1vio neste momento.<\/p>\n<p>O plano das crian\u00e7as d\u00e1 certo e Nico fica com o banco colado em sua roupa. D\u00f3ris, Mateus e T\u00e9o decidem ir at\u00e9 o zool\u00f3gico da cidade para visitar Helena. Marina diz que levar\u00e1 um bolo para Rebeca como desculpa para tentar descobrir alguma informa\u00e7\u00e3o. Isabela diz que ir\u00e1 para casa para ficar atenta a toda conversa. Na gravadora, Manuela conta aos c\u00famplices que Regina quis ir embora da lanchonete com medo de que Ot\u00e1vio lhe reconhecesse.<\/p>\n<p>No vilarejo, Rebeca diz para Marina que s\u00f3 teve uma filha, mas que se tivesse tido outra seria t\u00e3o amada quanto Manuela. Isabela escuta tudo. Regina sugere na gravadora que a banda C\u00famplices de Um Resgate grave um videoclipe no zool\u00f3gico. No vilarejo, Rebeca revela que seu parto foi feito de maneira inesperada numa sala a parte do hospital e que nem ela viu sua filha nascer, pois passou mal com a anestesia da cesariana e ficou adormecida. Rebeca conta que a enfermeira Marta Lobo (Luciana Carnieli) que realizou o procedimento. Nina revela que ap\u00f3s o parto, a enfermeira saiu do Vilarejo, embora tenha voltado recentemente, e que o m\u00e9dico que fez o procedimento faleceu.<\/p>\n<p>(*) edi\u00e7\u00e3o do SBT, Novela \u201cC\u00famplices de um Resgate\u201d, sujeito a altera\u00e7\u00e3o de data e conte\u00fado.<\/p>\n<p>\u201cC\u00famplices de um Resgate\u201d &#8211; Duas irm\u00e3s g\u00eameas univitelinas que foram separadas ap\u00f3s nascimento, se reencontram somente ap\u00f3s doze anos. Manuela, uma das g\u00eameas, \u00e9 doce, meiga, gentil, e muito talentosa para a m\u00fasica e tem uma voz encantadora. Vive uma vida feliz no Vilarejo dos Sonhos, onde mora com sua av\u00f3 Nina, sua tia Helena e sua m\u00e3e Rebeca, que d\u00e1 muito amor e carinho a filha por ela nunca ter tido um pai, e ela \u00e9 a m\u00e3e biol\u00f3gica das duas garotas, mas nunca soube que teve g\u00eameas.<\/p>\n","protected":false},"excerpt":{"rendered":"<p>Resumo novela \u201cC\u00famplices de um Resgate\u201d 16\/12: no cap\u00edtulo 247(*) da novela, segunda-feira, 16 de dezembro, O pastor pede perd\u00e3o para Flavia e diz que o certo seria ela deixar suas cren\u00e7as nos santos de lado para ficarem juntos. Augusto explica ainda que ser pastor implica miss\u00f5es e atividades que podem se tornar problemas para [&hellip;]<\/p>\n","protected":false},"author":2,"featured_media":164525,"comment_status":"open","ping_status":"closed","sticky":false,"template":"","format":"standard","meta":{"tdm_status":"","tdm_grid_status":"","footnotes":""},"categories":[379,372,343],"tags":[441],"class_list":{"0":"post-186083","1":"post","2":"type-post","3":"status-publish","4":"format-standard","5":"has-post-thumbnail","7":"category-novelas","8":"category-sbt","9":"category-televisao","10":"tag-resumo-do-dia"},"_links":{"self":[{"href":"https:\/\/migracao.redenoticia.com.br\/noticia\/wp-json\/wp\/v2\/posts\/186083","targetHints":{"allow":["GET"]}}],"collection":[{"href":"https:\/\/migracao.redenoticia.com.br\/noticia\/wp-json\/wp\/v2\/posts"}],"about":[{"href":"https:\/\/migracao.redenoticia.com.br\/noticia\/wp-json\/wp\/v2\/types\/post"}],"author":[{"embeddable":true,"href":"https:\/\/migracao.redenoticia.com.br\/noticia\/wp-json\/wp\/v2\/users\/2"}],"replies":[{"embeddable":true,"href":"https:\/\/migracao.redenoticia.com.br\/noticia\/wp-json\/wp\/v2\/comments?post=186083"}],"version-history":[{"count":0,"href":"https:\/\/migracao.redenoticia.com.br\/noticia\/wp-json\/wp\/v2\/posts\/186083\/revisions"}],"wp:featuredmedia":[{"embeddable":true,"href":"https:\/\/migracao.redenoticia.com.br\/noticia\/wp-json\/wp\/v2\/media\/164525"}],"wp:attachment":[{"href":"https:\/\/migracao.redenoticia.com.br\/noticia\/wp-json\/wp\/v2\/media?parent=186083"}],"wp:term":[{"taxonomy":"category","embeddable":true,"href":"https:\/\/migracao.redenoticia.com.br\/noticia\/wp-json\/wp\/v2\/categories?post=186083"},{"taxonomy":"post_tag","embeddable":true,"href":"https:\/\/migracao.redenoticia.com.br\/noticia\/wp-json\/wp\/v2\/tags?post=186083"}],"curies":[{"name":"wp","href":"https:\/\/api.w.org\/{rel}","templated":true}]}}