{"id":186132,"date":"2019-12-16T11:59:46","date_gmt":"2019-12-16T14:59:46","guid":{"rendered":"https:\/\/www.redenoticia.com.br\/noticia\/?p=186132"},"modified":"2019-12-16T11:59:46","modified_gmt":"2019-12-16T14:59:46","slug":"resumo-novela-abismo-de-paixao-17-12-elisa-descobre-que-augusto-lhe-deixou-dinheiro","status":"publish","type":"post","link":"https:\/\/migracao.redenoticia.com.br\/noticia\/2019\/resumo-novela-abismo-de-paixao-17-12-elisa-descobre-que-augusto-lhe-deixou-dinheiro\/186132","title":{"rendered":"Resumo novela \u201cAbismo de Paix\u00e3o\u201d 17\/12: Elisa descobre que Augusto lhe deixou dinheiro"},"content":{"rendered":"<p><img loading=\"lazy\" decoding=\"async\" class=\"aligncenter size-large wp-image-181127\" src=\"https:\/\/migracao.redenoticia.com.br\/noticia\/imagens\/abismo-de-paixao-sbt-resumo-327x300.jpg\" alt=\"\" width=\"327\" height=\"300\" srcset=\"https:\/\/migracao.redenoticia.com.br\/noticia\/imagens\/abismo-de-paixao-sbt-resumo-327x300.jpg 327w, https:\/\/migracao.redenoticia.com.br\/noticia\/imagens\/abismo-de-paixao-sbt-resumo-204x187.jpg 204w, https:\/\/migracao.redenoticia.com.br\/noticia\/imagens\/abismo-de-paixao-sbt-resumo.jpg 426w\" sizes=\"auto, (max-width: 327px) 100vw, 327px\" \/><\/p>\n<p><strong><em>Resumo da novela \u201cAbismo de Paix\u00e3o\u201d<\/em><\/strong> em 17\/12: no cap\u00edtulo 081(*) da novela, ter\u00e7a-feira, 17 de dezembro, na fazenda Beltr\u00e1n, Ramiro fala com Edwirges para reiterar que n\u00e3o lhe devolver\u00e1 a fazenda. Ela insiste em devolver o cheque. Ramiro pega o cheque e diz que agora a fazenda lhe sair\u00e1 gr\u00e1tis. Edwirges sofre um enfarto e morre. Na fazenda Castanhon, L\u00facio diz a Elisa que precisa falar com ela a s\u00f3s. Carmem vai falar com o bispo sobre o Padre Guadalupe e prop\u00f5e que o troquem de par\u00f3quia. L\u00facio diz a Elisa que Augusto quis protege-la.<\/p>\n<p>Por isso ele abriu uma conta em seu nome, e com esse dinheiro ela pode quitar sua d\u00edvida com Almerinda. Ingrid prop\u00f5e a Ramiro que matem Almerinda, para que Dami\u00e3o entregue a Gael metade de sua fortuna. Na igreja, Elisa descobre o problema de Hor\u00e1cio e pede perd\u00e3o a Dolores por t\u00ea-la convencido a se casar com ele. No hospital, Ant\u00f4nia reclama com Br\u00e1ulio e diz que Ramiro a violou h\u00e1 alguns anos. Almerinda entra no quarto. Na igreja, Dolores pede ao Padre Lupe que a ajude a anular seu casamento, pois se casou com um delinquente.<br \/>\n(*) edi\u00e7\u00e3o do SBT, Novela \u201cAbismo de Paix\u00e3o\u201d, sujeito a altera\u00e7\u00e3o de data e conte\u00fado.<\/p>\n<p>&#8220;Abismo de Paix\u00e3o&#8221;- Augusto Casta\u00f1\u00f3n (Alejandro Camacho) e Estef\u00e2nia Bouvier de Casta\u00f1\u00f3n (Ludwika Paleta) s\u00e3o pais de Elisa (Angelique Boyer). Com eles vive Carmen Bouvier (Sabine Moussier), irm\u00e3 mais velha de Estef\u00e2nia e que vai fugir do povoado com Rog\u00e9rio Arango (C\u00e9sar \u00c9vora), esposo de Almerinda Arango (Blanca Guerra) e pai de Dami\u00e3o (David Zepeda), melhor amigo de Elisa. Almerinda descobre e alerta a Augusto.<\/p>\n<p>Por sua parte, Estef\u00e2nia tenta impedir Rog\u00e9rio a n\u00e3o abandonar sua fam\u00edlia, mas devido ao intemp\u00e9rie da chuva, ambos morrem em um acidente de carro. Carmem aproveita o fato para fazer Augusto acreditar que sua esposa era infiel. Augusto, por despeito, casa-se com Carmem, apesar de n\u00e3o estar apaixonado por ela e nem am\u00e1-la. Carmem est\u00e1 gr\u00e1vida de Rog\u00e9rio, mas mente para Augusto, dizendo que o filho \u00e9 dele. <\/p>\n<p>Querendo bater em Elisa, Carmem escorrega e cai na piscina da casa, causando morte s\u00fabita ao beb\u00ea. Por sua parte, Almerinda decide mandar a Dami\u00e3o para fora do povoado a estudar para separ\u00e1-lo de Elisa de quem \u00e9 muito amigo, amizade que ela n\u00e3o v\u00ea com bons olhos, ap\u00f3s inocentemente os dois fugirem juntos.<\/p>\n","protected":false},"excerpt":{"rendered":"<p>Resumo da novela \u201cAbismo de Paix\u00e3o\u201d em 17\/12: no cap\u00edtulo 081(*) da novela, ter\u00e7a-feira, 17 de dezembro, na fazenda Beltr\u00e1n, Ramiro fala com Edwirges para reiterar que n\u00e3o lhe devolver\u00e1 a fazenda. Ela insiste em devolver o cheque. Ramiro pega o cheque e diz que agora a fazenda lhe sair\u00e1 gr\u00e1tis. Edwirges sofre um enfarto [&hellip;]<\/p>\n","protected":false},"author":4,"featured_media":181126,"comment_status":"open","ping_status":"closed","sticky":false,"template":"","format":"standard","meta":{"tdm_status":"","tdm_grid_status":"","footnotes":""},"categories":[379,372,343],"tags":[441],"class_list":{"0":"post-186132","1":"post","2":"type-post","3":"status-publish","4":"format-standard","5":"has-post-thumbnail","7":"category-novelas","8":"category-sbt","9":"category-televisao","10":"tag-resumo-do-dia"},"_links":{"self":[{"href":"https:\/\/migracao.redenoticia.com.br\/noticia\/wp-json\/wp\/v2\/posts\/186132","targetHints":{"allow":["GET"]}}],"collection":[{"href":"https:\/\/migracao.redenoticia.com.br\/noticia\/wp-json\/wp\/v2\/posts"}],"about":[{"href":"https:\/\/migracao.redenoticia.com.br\/noticia\/wp-json\/wp\/v2\/types\/post"}],"author":[{"embeddable":true,"href":"https:\/\/migracao.redenoticia.com.br\/noticia\/wp-json\/wp\/v2\/users\/4"}],"replies":[{"embeddable":true,"href":"https:\/\/migracao.redenoticia.com.br\/noticia\/wp-json\/wp\/v2\/comments?post=186132"}],"version-history":[{"count":0,"href":"https:\/\/migracao.redenoticia.com.br\/noticia\/wp-json\/wp\/v2\/posts\/186132\/revisions"}],"wp:featuredmedia":[{"embeddable":true,"href":"https:\/\/migracao.redenoticia.com.br\/noticia\/wp-json\/wp\/v2\/media\/181126"}],"wp:attachment":[{"href":"https:\/\/migracao.redenoticia.com.br\/noticia\/wp-json\/wp\/v2\/media?parent=186132"}],"wp:term":[{"taxonomy":"category","embeddable":true,"href":"https:\/\/migracao.redenoticia.com.br\/noticia\/wp-json\/wp\/v2\/categories?post=186132"},{"taxonomy":"post_tag","embeddable":true,"href":"https:\/\/migracao.redenoticia.com.br\/noticia\/wp-json\/wp\/v2\/tags?post=186132"}],"curies":[{"name":"wp","href":"https:\/\/api.w.org\/{rel}","templated":true}]}}