{"id":186170,"date":"2019-12-25T11:30:38","date_gmt":"2019-12-25T14:30:38","guid":{"rendered":"https:\/\/www.redenoticia.com.br\/noticia\/?p=186170"},"modified":"2019-12-25T13:06:02","modified_gmt":"2019-12-25T16:06:02","slug":"loteria-federal-especial-de-natal-5452-6-sorteio-na-terca-24-12","status":"publish","type":"post","link":"https:\/\/migracao.redenoticia.com.br\/noticia\/2019\/loteria-federal-especial-de-natal-5452-6-sorteio-na-terca-24-12\/186170","title":{"rendered":"Loteria Federal Especial de Natal 5452-6: sorteio da ter\u00e7a, 24\/12"},"content":{"rendered":"<p>Em dezembro acontece a extra\u00e7\u00e3o Especial de Natal da Loteria Federal, com pr\u00eamio de 2,7 milh\u00f5es nas duas s\u00e9ries. Em 2019, o sorteio da <strong><em>Loteria Federal Especial de Natal 5452-6<\/em><\/strong> acontece na ter\u00e7a-feira, 24\/12. <\/p>\n<p>Todo m\u00eas, o apostador pode concorrer a R$ 1,350 milh\u00e3o no pr\u00eamio principal, apostando na Milion\u00e1ria Federal. Os sorteios das extra\u00e7\u00f5es s\u00e3o realizados \u00e0s quartas e s\u00e1bados, com pr\u00eamios principais de R$ 500 mil em uma \u00fanica s\u00e9rie. <\/p>\n<p><img loading=\"lazy\" decoding=\"async\" src=\"https:\/\/migracao.redenoticia.com.br\/noticia\/imagens\/loteria-federal-caixa-400x156.jpg\" alt=\"Resultado da Loteria Federal\" width=\"400\" height=\"156\" class=\"aligncenter size-large wp-image-148152\" srcset=\"https:\/\/migracao.redenoticia.com.br\/noticia\/imagens\/loteria-federal-caixa-400x156.jpg 400w, https:\/\/migracao.redenoticia.com.br\/noticia\/imagens\/loteria-federal-caixa-250x98.jpg 250w, https:\/\/migracao.redenoticia.com.br\/noticia\/imagens\/loteria-federal-caixa-150x59.jpg 150w, https:\/\/migracao.redenoticia.com.br\/noticia\/imagens\/loteria-federal-caixa.jpg 600w\" sizes=\"auto, (max-width: 400px) 100vw, 400px\" \/><\/p>\n<p>Cada bilhete cont\u00e9m 10 fra\u00e7\u00f5es e pode ser adquirido inteiro ou em partes. Com a Loteria Federal, s\u00e3o diversas as chances de ganhar:<\/p>\n<p>&#8211; Acertando um dos cinco n\u00fameros sorteados para os pr\u00eamios principais;<br \/>\n&#8211; A milhar, a centena e a dezena de qualquer um dos n\u00fameros sorteados nos cinco pr\u00eamios principais;<br \/>\n&#8211; Bilhetes cujos n\u00fameros contenham a dezena final id\u00eantica a umas das 3 (tr\u00eas) dezenas anteriores ou das 3 (tr\u00eas) dezenas posteriores \u00e0 dezena do n\u00famero sorteado para o 1\u00ba pr\u00eamio, excetuando-se os premiados pela aproxima\u00e7\u00e3o anterior e posterior;<br \/>\n&#8211; A unidade do primeiro pr\u00eamio.<\/p>\n","protected":false},"excerpt":{"rendered":"<p>Em dezembro acontece a extra\u00e7\u00e3o Especial de Natal da Loteria Federal, com pr\u00eamio de 2,7 milh\u00f5es nas duas s\u00e9ries. Em 2019, o sorteio da Loteria Federal Especial de Natal 5452-6 acontece na ter\u00e7a-feira, 24\/12. Todo m\u00eas, o apostador pode concorrer a R$ 1,350 milh\u00e3o no pr\u00eamio principal, apostando na Milion\u00e1ria Federal. Os sorteios das extra\u00e7\u00f5es [&hellip;]<\/p>\n","protected":false},"author":2,"featured_media":177955,"comment_status":"open","ping_status":"closed","sticky":false,"template":"","format":"standard","meta":{"tdm_status":"","tdm_grid_status":"","footnotes":""},"categories":[388,444,335],"tags":[476,531],"class_list":{"0":"post-186170","1":"post","2":"type-post","3":"status-publish","4":"format-standard","5":"has-post-thumbnail","7":"category-destaques","8":"category-federal","9":"category-loteria","10":"tag-loteria","11":"tag-numeros-sorteados"},"_links":{"self":[{"href":"https:\/\/migracao.redenoticia.com.br\/noticia\/wp-json\/wp\/v2\/posts\/186170","targetHints":{"allow":["GET"]}}],"collection":[{"href":"https:\/\/migracao.redenoticia.com.br\/noticia\/wp-json\/wp\/v2\/posts"}],"about":[{"href":"https:\/\/migracao.redenoticia.com.br\/noticia\/wp-json\/wp\/v2\/types\/post"}],"author":[{"embeddable":true,"href":"https:\/\/migracao.redenoticia.com.br\/noticia\/wp-json\/wp\/v2\/users\/2"}],"replies":[{"embeddable":true,"href":"https:\/\/migracao.redenoticia.com.br\/noticia\/wp-json\/wp\/v2\/comments?post=186170"}],"version-history":[{"count":0,"href":"https:\/\/migracao.redenoticia.com.br\/noticia\/wp-json\/wp\/v2\/posts\/186170\/revisions"}],"wp:featuredmedia":[{"embeddable":true,"href":"https:\/\/migracao.redenoticia.com.br\/noticia\/wp-json\/wp\/v2\/media\/177955"}],"wp:attachment":[{"href":"https:\/\/migracao.redenoticia.com.br\/noticia\/wp-json\/wp\/v2\/media?parent=186170"}],"wp:term":[{"taxonomy":"category","embeddable":true,"href":"https:\/\/migracao.redenoticia.com.br\/noticia\/wp-json\/wp\/v2\/categories?post=186170"},{"taxonomy":"post_tag","embeddable":true,"href":"https:\/\/migracao.redenoticia.com.br\/noticia\/wp-json\/wp\/v2\/tags?post=186170"}],"curies":[{"name":"wp","href":"https:\/\/api.w.org\/{rel}","templated":true}]}}