{"id":186191,"date":"2019-12-17T12:48:12","date_gmt":"2019-12-17T15:48:12","guid":{"rendered":"https:\/\/www.redenoticia.com.br\/noticia\/?p=186191"},"modified":"2019-12-17T12:48:12","modified_gmt":"2019-12-17T15:48:12","slug":"resumo-novela-meu-coracao-e-teu-18-12-tamara-enfrenta-fanny","status":"publish","type":"post","link":"https:\/\/migracao.redenoticia.com.br\/noticia\/2019\/resumo-novela-meu-coracao-e-teu-18-12-tamara-enfrenta-fanny\/186191","title":{"rendered":"Resumo novela \u201cMeu Cora\u00e7\u00e3o \u00e9 Teu\u201d 18\/12: Tamara enfrenta Fanny"},"content":{"rendered":"<p><img loading=\"lazy\" decoding=\"async\" src=\"https:\/\/migracao.redenoticia.com.br\/noticia\/imagens\/meu-coracao-e-teu-300x300.jpg\" alt=\"\" width=\"300\" height=\"300\" class=\"aligncenter size-large wp-image-183929\" srcset=\"https:\/\/migracao.redenoticia.com.br\/noticia\/imagens\/meu-coracao-e-teu-300x300.jpg 300w, https:\/\/migracao.redenoticia.com.br\/noticia\/imagens\/meu-coracao-e-teu-187x187.jpg 187w, https:\/\/migracao.redenoticia.com.br\/noticia\/imagens\/meu-coracao-e-teu-150x150.jpg 150w, https:\/\/migracao.redenoticia.com.br\/noticia\/imagens\/meu-coracao-e-teu-140x140.jpg 140w, https:\/\/migracao.redenoticia.com.br\/noticia\/imagens\/meu-coracao-e-teu-85x85.jpg 85w, https:\/\/migracao.redenoticia.com.br\/noticia\/imagens\/meu-coracao-e-teu.jpg 500w\" sizes=\"auto, (max-width: 300px) 100vw, 300px\" \/><\/p>\n<p><strong><em>Resumo da novela \u201cMeu Cora\u00e7\u00e3o \u00e9 Teu\u201d<\/em><\/strong> em 18\/12: no cap\u00edtulo 033(*) da novela, quarta-feira, 18 de dezembro, Leon diz a Fanny que a ama, Fanny responde que ele \u00e9 um hip\u00f3crita e termina a rela\u00e7\u00e3o com ele. Quando Fanny sai, Fernando e Ana se aproximam para saber o que est\u00e1 acontecendo. Fernando descobre a verdade por Fanny e agride Leon, proibindo-o de se aproximar de sua filha. Isabela se enfurece quando descobre que Fernando e Ana foram juntos acompanhar Fanny. Nicolas diz a Diego que sente medo em prender Jennifer a ele, um velho, mas recorda que a ama, e o lance da idade n\u00e3o pode ser um impedimento. Fanny se sente arrasada pelo que ocorreu com Leon. Ana a consola. Diego v\u00ea Ana dan\u00e7ar no \u201cChicago\u201d, e diz que quer ajud\u00e1-la a realizar seu sonho de ser bailarina. Diego diz a Ana que a ama e a beija.<\/p>\n<p>Ana fala com Jennifer e a diz que n\u00e3o pode deixar de amar Fernando da noite para o dia. Jennifer diz a Ana que caso ela n\u00e3o d\u00ea uma oportunidade para Diego, ser\u00e1 ainda mais dif\u00edcil esquecer Fernando. Fernando diz a Nando que entende que ele queira ajudar Helena, mas esse seu caso de bipolaridade \u00e9 algo para se levar em conta. Fernando enfrenta Diego e diz que ele s\u00f3 est\u00e1 com Ana por vingan\u00e7a. Diego diz que a ama de verdade. Leon diz a sua m\u00e3e que Fanny j\u00e1 sabe da verdade e que ficou t\u00e3o zangada que n\u00e3o quer saber mais nada dele. Isabela adverte Ana que a partir daquele momento ela ser\u00e1 sua dama de companhia, porque seu trabalho como bab\u00e1 j\u00e1 n\u00e3o serve para mais nada. Isabela ainda lembra Ana que na verdade teria que lhe agradecer, pois se ela contasse a Fernando sobre a bofetada que lhe deu, neste momento estaria despedida.<\/p>\n<p>Leon pede desculpa a Fernando e se demite da empresa. Ana diz a Isabela que se a odeia tanto, o \u00fanico motivo que encontra para tal \u00e9 por que Fernando a ama. Yolanda faz desaparecer um colar de p\u00e9rolas de Isabela para culpar Ana do roubo. Diego avisa Ana que est\u00e1 procurando apartamento para se mudar o quanto antes. Isabela sugere a Fernando que Fanny seja assistente de Henrique e ambos concordam com a ideia. Fernando pede a Henrique que tenha paci\u00eancia com Fanny, pois ela est\u00e1 passando por um momento dif\u00edcil. Tamara enfrenta Fanny e pede que deixe Leon em paz. Fanny a diz que sua rela\u00e7\u00e3o com ele j\u00e1 terminou. T\u00e2mara d\u00e1 uma bofetada em Fanny e a diz que Leon a abandonou, pois ama apenas a ela.<\/p>\n<p>(*) edi\u00e7\u00e3o do SBT, Novela \u201cMeu Cora\u00e7\u00e3o \u00e9 Teu\u201d, sujeito a altera\u00e7\u00e3o de data e conte\u00fado.<\/p>\n<p>Novela \u201cMeu Cora\u00e7\u00e3o \u00e9 Teu\u201d: Ana Leal \u00e9 uma mulher alegre e otimista. Um desastre destr\u00f3i sua casa e Ana perde tudo o que tem. Fernando Lascur\u00e1in, um prestigiado empres\u00e1rio que se lembra com tristeza que h\u00e1 um ano morreu sua esposa. Fernando \u00e9 o pai de sete filhos: Fanny de 19 anos, Nando de 17 anos, Alicia de 14 anos, Sebasti\u00e3o de 11 anos, os g\u00eameos Alex e Guille de 8 anos e a pequena Luz de 4 anos. Estes sete \u201cpequenos\u201d se encarregaram de fazer a vida de dezenas de bab\u00e1s imposs\u00edvel, mas Fernando precisa urgentemente de uma bab\u00e1 que cuide de seus filhos.<\/p>\n<p>As necessidades e a vontade de se superar, levam Ana a buscar outro trabalho. Sua falta de experi\u00eancia, e sua educa\u00e7\u00e3o prec\u00e1ria complicam o processo de ela encontrar um trabalho est\u00e1vel. Mas o destino tem algo preparado a ela: por uma confus\u00e3o, Ana termina chegando \u00e0 mans\u00e3o Lascur\u00e1in sem saber que l\u00e1 encontrar\u00e1 tudo o que sempre sonhou.<\/p>\n","protected":false},"excerpt":{"rendered":"<p>Resumo da novela \u201cMeu Cora\u00e7\u00e3o \u00e9 Teu\u201d em 18\/12: no cap\u00edtulo 033(*) da novela, quarta-feira, 18 de dezembro, Leon diz a Fanny que a ama, Fanny responde que ele \u00e9 um hip\u00f3crita e termina a rela\u00e7\u00e3o com ele. Quando Fanny sai, Fernando e Ana se aproximam para saber o que est\u00e1 acontecendo. Fernando descobre a [&hellip;]<\/p>\n","protected":false},"author":4,"featured_media":183928,"comment_status":"open","ping_status":"closed","sticky":false,"template":"","format":"standard","meta":{"tdm_status":"","tdm_grid_status":"","footnotes":""},"categories":[379,372,343],"tags":[441],"class_list":{"0":"post-186191","1":"post","2":"type-post","3":"status-publish","4":"format-standard","5":"has-post-thumbnail","7":"category-novelas","8":"category-sbt","9":"category-televisao","10":"tag-resumo-do-dia"},"_links":{"self":[{"href":"https:\/\/migracao.redenoticia.com.br\/noticia\/wp-json\/wp\/v2\/posts\/186191","targetHints":{"allow":["GET"]}}],"collection":[{"href":"https:\/\/migracao.redenoticia.com.br\/noticia\/wp-json\/wp\/v2\/posts"}],"about":[{"href":"https:\/\/migracao.redenoticia.com.br\/noticia\/wp-json\/wp\/v2\/types\/post"}],"author":[{"embeddable":true,"href":"https:\/\/migracao.redenoticia.com.br\/noticia\/wp-json\/wp\/v2\/users\/4"}],"replies":[{"embeddable":true,"href":"https:\/\/migracao.redenoticia.com.br\/noticia\/wp-json\/wp\/v2\/comments?post=186191"}],"version-history":[{"count":0,"href":"https:\/\/migracao.redenoticia.com.br\/noticia\/wp-json\/wp\/v2\/posts\/186191\/revisions"}],"wp:featuredmedia":[{"embeddable":true,"href":"https:\/\/migracao.redenoticia.com.br\/noticia\/wp-json\/wp\/v2\/media\/183928"}],"wp:attachment":[{"href":"https:\/\/migracao.redenoticia.com.br\/noticia\/wp-json\/wp\/v2\/media?parent=186191"}],"wp:term":[{"taxonomy":"category","embeddable":true,"href":"https:\/\/migracao.redenoticia.com.br\/noticia\/wp-json\/wp\/v2\/categories?post=186191"},{"taxonomy":"post_tag","embeddable":true,"href":"https:\/\/migracao.redenoticia.com.br\/noticia\/wp-json\/wp\/v2\/tags?post=186191"}],"curies":[{"name":"wp","href":"https:\/\/api.w.org\/{rel}","templated":true}]}}