{"id":186294,"date":"2019-12-19T16:15:32","date_gmt":"2019-12-19T19:15:32","guid":{"rendered":"https:\/\/www.redenoticia.com.br\/noticia\/?p=186294"},"modified":"2019-12-19T16:15:32","modified_gmt":"2019-12-19T19:15:32","slug":"resumo-novela-meu-coracao-e-teu-20-12-tamara-morre-em-acidente","status":"publish","type":"post","link":"https:\/\/migracao.redenoticia.com.br\/noticia\/2019\/resumo-novela-meu-coracao-e-teu-20-12-tamara-morre-em-acidente\/186294","title":{"rendered":"Resumo novela \u201cMeu Cora\u00e7\u00e3o \u00e9 Teu\u201d 20\/12: T\u00e2mara morre em acidente"},"content":{"rendered":"<p> <img loading=\"lazy\" decoding=\"async\" class=\"aligncenter size-large wp-image-183929\" src=\"https:\/\/migracao.redenoticia.com.br\/noticia\/imagens\/meu-coracao-e-teu-300x300.jpg\" alt=\"\" width=\"300\" height=\"300\" srcset=\"https:\/\/migracao.redenoticia.com.br\/noticia\/imagens\/meu-coracao-e-teu-300x300.jpg 300w, https:\/\/migracao.redenoticia.com.br\/noticia\/imagens\/meu-coracao-e-teu-187x187.jpg 187w, https:\/\/migracao.redenoticia.com.br\/noticia\/imagens\/meu-coracao-e-teu-150x150.jpg 150w, https:\/\/migracao.redenoticia.com.br\/noticia\/imagens\/meu-coracao-e-teu-140x140.jpg 140w, https:\/\/migracao.redenoticia.com.br\/noticia\/imagens\/meu-coracao-e-teu-85x85.jpg 85w, https:\/\/migracao.redenoticia.com.br\/noticia\/imagens\/meu-coracao-e-teu.jpg 500w\" sizes=\"auto, (max-width: 300px) 100vw, 300px\" \/><\/p>\n<p><strong><em>Resumo da novela \u201cMeu Cora\u00e7\u00e3o \u00e9 Teu\u201d<\/em><\/strong> em 20\/12: no cap\u00edtulo 035(*) da novela, sexta-feira, 20 de dezembro, Fernando pergunta a Isabela porque sua m\u00e3e quer causar problemas a Ana. Ana se zanga com as crian\u00e7as por escutarem atr\u00e1s da porta, mas ela, escondida, tamb\u00e9m o faz. Diego e Ana v\u00e3o dan\u00e7ar salsa e Helena e Nando os acompanham. Henrique visita Fernando. Bruno fica com ci\u00fames de Manuela. Margarida aconselha Fanny a perdoar Leon. T\u00e2mara pensa em levar Mauricio para longe, a fim de que Leon n\u00e3o o veja mais. Fanny e Leon v\u00e3o atr\u00e1s de T\u00e2mara. Fernando confessa a Henrique que seus filhos n\u00e3o gostaram que ele tenha se casado com Isabela. T\u00e2mara morre em um acidente. Isabela garante a sua m\u00e3e que destruir\u00e1 Ana, mas o far\u00e1 de uma forma inteligente, que n\u00e3o a denuncie. Fernando anuncia para a sua fam\u00edlia que Henrique \u00e9 o novo vice-presidente da empresa.<\/p>\n<p>Johnny prop\u00f5e a Dorival que coloquem em cena um espet\u00e1culo c\u00f4mico para que consiga pagar sua d\u00edvida. Nicolas se zanga ao encontrar Jennifer e Johnny juntos. Ana confessa \u00e1 Diego que os filhos de Fernando, s\u00e3o como se fossem seus pr\u00f3prios filhos. Nicolas diz a Jennifer que Johnny est\u00e1 se apaixonando por ela. Leon diz a seu filho que sua m\u00e3e foi para o c\u00e9u, mas que eles de uma forma, sempre estar\u00e3o juntos. Yolanda pede perd\u00e3o a Fernando pelo que fez contra Ana. Nando diz a Ana que sabe que seu pai segue a amando. Sem que ningu\u00e9m os veja, Isabela e Henrique se beijam. Henrique diz a Isabela que tem um plano a longo prazo para Fanny. Manuela est\u00e1 com ci\u00fames de Yolanda e reclama com Bruno.<\/p>\n<p>(*) edi\u00e7\u00e3o do SBT, Novela \u201cMeu Cora\u00e7\u00e3o \u00e9 Teu\u201d, sujeito a altera\u00e7\u00e3o de data e conte\u00fado.<\/p>\n<p>Novela \u201cMeu Cora\u00e7\u00e3o \u00e9 Teu\u201d: Ana Leal \u00e9 uma mulher alegre e otimista. Um desastre destr\u00f3i sua casa e Ana perde tudo o que tem. Fernando Lascur\u00e1in, um prestigiado empres\u00e1rio que se lembra com tristeza que h\u00e1 um ano morreu sua esposa. Fernando \u00e9 o pai de sete filhos: Fanny de 19 anos, Nando de 17 anos, Alicia de 14 anos, Sebasti\u00e3o de 11 anos, os g\u00eameos Alex e Guille de 8 anos e a pequena Luz de 4 anos. Estes sete \u201cpequenos\u201d se encarregaram de fazer a vida de dezenas de bab\u00e1s imposs\u00edvel, mas Fernando precisa urgentemente de uma bab\u00e1 que cuide de seus filhos.<\/p>\n<p>As necessidades e a vontade de se superar, levam Ana a buscar outro trabalho. Sua falta de experi\u00eancia, e sua educa\u00e7\u00e3o prec\u00e1ria complicam o processo de ela encontrar um trabalho est\u00e1vel. Mas o destino tem algo preparado a ela: por uma confus\u00e3o, Ana termina chegando \u00e0 mans\u00e3o Lascur\u00e1in sem saber que l\u00e1 encontrar\u00e1 tudo o que sempre sonhou.<\/p>\n","protected":false},"excerpt":{"rendered":"<p>Resumo da novela \u201cMeu Cora\u00e7\u00e3o \u00e9 Teu\u201d em 20\/12: no cap\u00edtulo 035(*) da novela, sexta-feira, 20 de dezembro, Fernando pergunta a Isabela porque sua m\u00e3e quer causar problemas a Ana. Ana se zanga com as crian\u00e7as por escutarem atr\u00e1s da porta, mas ela, escondida, tamb\u00e9m o faz. Diego e Ana v\u00e3o dan\u00e7ar salsa e Helena [&hellip;]<\/p>\n","protected":false},"author":5,"featured_media":183928,"comment_status":"open","ping_status":"closed","sticky":false,"template":"","format":"standard","meta":{"tdm_status":"","tdm_grid_status":"","footnotes":""},"categories":[379,372,343],"tags":[441],"class_list":{"0":"post-186294","1":"post","2":"type-post","3":"status-publish","4":"format-standard","5":"has-post-thumbnail","7":"category-novelas","8":"category-sbt","9":"category-televisao","10":"tag-resumo-do-dia"},"_links":{"self":[{"href":"https:\/\/migracao.redenoticia.com.br\/noticia\/wp-json\/wp\/v2\/posts\/186294","targetHints":{"allow":["GET"]}}],"collection":[{"href":"https:\/\/migracao.redenoticia.com.br\/noticia\/wp-json\/wp\/v2\/posts"}],"about":[{"href":"https:\/\/migracao.redenoticia.com.br\/noticia\/wp-json\/wp\/v2\/types\/post"}],"author":[{"embeddable":true,"href":"https:\/\/migracao.redenoticia.com.br\/noticia\/wp-json\/wp\/v2\/users\/5"}],"replies":[{"embeddable":true,"href":"https:\/\/migracao.redenoticia.com.br\/noticia\/wp-json\/wp\/v2\/comments?post=186294"}],"version-history":[{"count":0,"href":"https:\/\/migracao.redenoticia.com.br\/noticia\/wp-json\/wp\/v2\/posts\/186294\/revisions"}],"wp:featuredmedia":[{"embeddable":true,"href":"https:\/\/migracao.redenoticia.com.br\/noticia\/wp-json\/wp\/v2\/media\/183928"}],"wp:attachment":[{"href":"https:\/\/migracao.redenoticia.com.br\/noticia\/wp-json\/wp\/v2\/media?parent=186294"}],"wp:term":[{"taxonomy":"category","embeddable":true,"href":"https:\/\/migracao.redenoticia.com.br\/noticia\/wp-json\/wp\/v2\/categories?post=186294"},{"taxonomy":"post_tag","embeddable":true,"href":"https:\/\/migracao.redenoticia.com.br\/noticia\/wp-json\/wp\/v2\/tags?post=186294"}],"curies":[{"name":"wp","href":"https:\/\/api.w.org\/{rel}","templated":true}]}}