{"id":186302,"date":"2019-12-19T16:26:52","date_gmt":"2019-12-19T19:26:52","guid":{"rendered":"https:\/\/www.redenoticia.com.br\/noticia\/?p=186302"},"modified":"2019-12-19T16:26:52","modified_gmt":"2019-12-19T19:26:52","slug":"resumo-novela-eramos-seis-20-12-mabel-mente-para-carlos","status":"publish","type":"post","link":"https:\/\/migracao.redenoticia.com.br\/noticia\/2019\/resumo-novela-eramos-seis-20-12-mabel-mente-para-carlos\/186302","title":{"rendered":"Resumo novela \u201c\u00c9ramos Seis\u201d 20\/12: Mabel mente para Carlos"},"content":{"rendered":"<p> <img loading=\"lazy\" decoding=\"async\" class=\"aligncenter size-large wp-image-182541\" src=\"https:\/\/migracao.redenoticia.com.br\/noticia\/imagens\/eramos-seis-resumo-noticia-novela-01-284x300.jpg\" alt=\"\" width=\"284\" height=\"300\" srcset=\"https:\/\/migracao.redenoticia.com.br\/noticia\/imagens\/eramos-seis-resumo-noticia-novela-01-284x300.jpg 284w, https:\/\/migracao.redenoticia.com.br\/noticia\/imagens\/eramos-seis-resumo-noticia-novela-01-177x187.jpg 177w, https:\/\/migracao.redenoticia.com.br\/noticia\/imagens\/eramos-seis-resumo-noticia-novela-01.jpg 521w\" sizes=\"auto, (max-width: 284px) 100vw, 284px\" \/><\/p>\n<p><em><strong>Resumo novela \u201c\u00c9ramos Seis\u201d 20\/12<\/strong><\/em>: no cap\u00edtulo 070(*) da novela, sexta-feira, 20 de dezembro, Carlos e os irm\u00e3os decidem tirar satisfa\u00e7\u00f5es com o comerciante que agrediu Isabel. O comerciante \u00e9 escorra\u00e7ado da cidade. Gusm\u00f5es diz que est\u00e1 de olho em Alfredo. Zeca acerta a sociedade com Neves. Olga se preocupa com a sa\u00fade dos filhos.<\/p>\n<p>Almeida mostra a foto dos filhos e de Nat\u00e1lia para Clotilde. Mabel desconfia do conselho que recebe de Marcelo. Adelaide e Alfredo se encontram na reuni\u00e3o pol\u00edtica. Mabel mente para que Carlos n\u00e3o termine o namoro com ela.<\/p>\n<p>(*) edi\u00e7\u00e3o da Rede Globo, Novela \u201c\u00c9ramos Seis\u201d, sujeito a altera\u00e7\u00e3o de data e conte\u00fado.<\/p>\n<p>\u201c\u00c9ramos Seis\u201d &#8211; Casada com J\u00falio (Antonio Calloni), Lola (Gloria Pires) \u00e9 uma esposa devotada e m\u00e3e de quatro filhos: Carlos (Xande Valois\/ Danilo Mesquita), o mais velho e motivo de orgulho para os pais; Alfredo (Pedro Sol\/ Nicolas Prattes), rebelde que vive se metendo em confus\u00f5es e tem ci\u00fames do irm\u00e3o; Isabel (Maju Lima\/ Giullia Buscacio), determinada e independente, \u00e9 a favorita do pai &#8211; por ser a \u00fanica filha mulher; e Julinho (Davi de Oliveira\/ Andr\u00e9 Luiz Frambach), o ca\u00e7ula da fam\u00edlia &#8211; que desde crian\u00e7a demonstra habilidade para lidar com dinheiro.<\/p>\n<p>A hist\u00f3ria come\u00e7a com Lola e J\u00falio passando sufoco para poder pagar as parcelas do casar\u00e3o que compraram em S\u00e3o Paulo. O primeiro bem do casal sai mais caro do que eles previam por causa dos alt\u00edssimos juros do financiamento banc\u00e1rio. O im\u00f3vel acaba gerando um impasse entre eles: para ela, o local \u00e9 a alma da fam\u00edlia. Para ele, um empecilho para melhorar de vida.<\/p>\n","protected":false},"excerpt":{"rendered":"<p>Resumo novela \u201c\u00c9ramos Seis\u201d 20\/12: no cap\u00edtulo 070(*) da novela, sexta-feira, 20 de dezembro, Carlos e os irm\u00e3os decidem tirar satisfa\u00e7\u00f5es com o comerciante que agrediu Isabel. O comerciante \u00e9 escorra\u00e7ado da cidade. Gusm\u00f5es diz que est\u00e1 de olho em Alfredo. Zeca acerta a sociedade com Neves. Olga se preocupa com a sa\u00fade dos filhos. [&hellip;]<\/p>\n","protected":false},"author":5,"featured_media":182542,"comment_status":"open","ping_status":"closed","sticky":false,"template":"","format":"standard","meta":{"tdm_status":"","tdm_grid_status":"","footnotes":""},"categories":[548,379,375,343],"tags":[441],"class_list":{"0":"post-186302","1":"post","2":"type-post","3":"status-publish","4":"format-standard","5":"has-post-thumbnail","7":"category-eramos-seis","8":"category-novelas","9":"category-rede-globo","10":"category-televisao","11":"tag-resumo-do-dia"},"_links":{"self":[{"href":"https:\/\/migracao.redenoticia.com.br\/noticia\/wp-json\/wp\/v2\/posts\/186302","targetHints":{"allow":["GET"]}}],"collection":[{"href":"https:\/\/migracao.redenoticia.com.br\/noticia\/wp-json\/wp\/v2\/posts"}],"about":[{"href":"https:\/\/migracao.redenoticia.com.br\/noticia\/wp-json\/wp\/v2\/types\/post"}],"author":[{"embeddable":true,"href":"https:\/\/migracao.redenoticia.com.br\/noticia\/wp-json\/wp\/v2\/users\/5"}],"replies":[{"embeddable":true,"href":"https:\/\/migracao.redenoticia.com.br\/noticia\/wp-json\/wp\/v2\/comments?post=186302"}],"version-history":[{"count":0,"href":"https:\/\/migracao.redenoticia.com.br\/noticia\/wp-json\/wp\/v2\/posts\/186302\/revisions"}],"wp:featuredmedia":[{"embeddable":true,"href":"https:\/\/migracao.redenoticia.com.br\/noticia\/wp-json\/wp\/v2\/media\/182542"}],"wp:attachment":[{"href":"https:\/\/migracao.redenoticia.com.br\/noticia\/wp-json\/wp\/v2\/media?parent=186302"}],"wp:term":[{"taxonomy":"category","embeddable":true,"href":"https:\/\/migracao.redenoticia.com.br\/noticia\/wp-json\/wp\/v2\/categories?post=186302"},{"taxonomy":"post_tag","embeddable":true,"href":"https:\/\/migracao.redenoticia.com.br\/noticia\/wp-json\/wp\/v2\/tags?post=186302"}],"curies":[{"name":"wp","href":"https:\/\/api.w.org\/{rel}","templated":true}]}}