{"id":186316,"date":"2021-03-01T01:45:46","date_gmt":"2021-03-01T04:45:46","guid":{"rendered":"https:\/\/www.redenoticia.com.br\/noticia\/?p=186316"},"modified":"2021-03-03T11:34:01","modified_gmt":"2021-03-03T14:34:01","slug":"novela-salve-se-quem-puder-elenco-e-principais-personagens","status":"publish","type":"post","link":"https:\/\/migracao.redenoticia.com.br\/noticia\/2021\/novela-salve-se-quem-puder-elenco-e-principais-personagens\/186316","title":{"rendered":"Novela \u201cSalve-se Quem Puder\u201d: elenco e principais personagens"},"content":{"rendered":"<p><img loading=\"lazy\" decoding=\"async\" src=\"https:\/\/migracao.redenoticia.com.br\/noticia\/imagens\/salve-se-quem-puder-323x300.jpg\" alt=\"\" width=\"323\" height=\"300\" class=\"aligncenter size-large wp-image-186172\" srcset=\"https:\/\/migracao.redenoticia.com.br\/noticia\/imagens\/salve-se-quem-puder-323x300.jpg 323w, https:\/\/migracao.redenoticia.com.br\/noticia\/imagens\/salve-se-quem-puder-202x187.jpg 202w, https:\/\/migracao.redenoticia.com.br\/noticia\/imagens\/salve-se-quem-puder-151x140.jpg 151w, https:\/\/migracao.redenoticia.com.br\/noticia\/imagens\/salve-se-quem-puder-92x85.jpg 92w, https:\/\/migracao.redenoticia.com.br\/noticia\/imagens\/salve-se-quem-puder.jpg 566w\" sizes=\"auto, (max-width: 323px) 100vw, 323px\" \/> <strong><em>Novela \u201cSalve-se Quem Puder\u201d:<\/em><\/strong> Situa\u00e7\u00f5es divertidas e inusitadas d\u00e3o o tom a esta com\u00e9dia rom\u00e2ntica repleta de aventura e suspense! Salve-se Quem Puder, a nova novela das 7, conta a hist\u00f3ria de Alexia (Deborah Secco), Luna (Juliana Paiva) e Kyra (Vit\u00f3ria Strada), que ter\u00e3o suas vidas entrela\u00e7adas de uma forma inesperada. Depois de presenciarem um crime, elas v\u00e3o precisar ingressar no Programa de Prote\u00e7\u00e3o \u00e0 Testemunha e mudar de vida, de identidade. N\u00e3o bastasse encarar essa mudan\u00e7a, as tr\u00eas ainda enfrentar\u00e3o um furac\u00e3o em Canc\u00fan, no M\u00e9xico, onde tudo acontece! A obra, escrita por Daniel Ortiz, tem dire\u00e7\u00e3o art\u00edstica de Fred Mayrink.<\/p>\n<p><strong>Novela \u201cSalve-se Quem Puder\u201d: elenco e principais personagens<\/strong><\/p>\n<p>Alexia (Deborah Secco): uma atriz em ascens\u00e3o prestes a viver a melhor fase da carreira.<\/p>\n<p>Luna (Juliana Paiva): uma jovem estudante de Fisioterapia, est\u00e1 perto de conquistar o t\u00e3o sonhado diploma.<\/p>\n<p>Kyra (Vit\u00f3ria Strada): rom\u00e2ntica, se prepara para o casamento planejado por anos.<\/p>\n<p>Helena (Fl\u00e1via Alessandra): \u00e9 uma mulher bem-sucedida que esconde a exist\u00eancia de Luna, a filha que vive em Canc\u00fan, no M\u00e9xico, e que foi abandonada por ela na inf\u00e2ncia.<\/p>\n<p>Renzo (Rafael Cardoso): misterioso, estudou nas melhores escolas, frequentou as festas mais incr\u00edveis e viajou o mundo. Ter\u00e1 uma noite de amor com Alexia.<\/p>\n<p>Juan (Jos\u00e9 Condessa): um cara alegre, inteligente e ex\u00edmio t\u00e9cnico de TI apaixonado por Luna, sua ex-namorada.<\/p>\n<p>Rafael (Bruno Ferrari): noivo de Kyra, \u00e9 um empreendedor, dono de uma empresa de tecnologia digital.<\/p>\n<p>Vit\u00f3rio (A\u00edlton Gra\u00e7a): o juiz \u00e9 conhecido por seu trabalho de combate \u00e0 corrup\u00e7\u00e3o.<\/p>\n<p>M\u00e1rio (Murilo Rosa): excelente cozinheiro, criou sozinho a filha, Luna (Juliana Paiva), depois que foi abandonado por Helena (Fl\u00e1via Alessandra).<\/p>\n<p>\u00darsula (Aline Dias): a jovem \u00e9 a namorada ciumenta e insegura de T\u00e9o, papel de Felipe Simas.<\/p>\n<p>Alan (Thiago Fragoso): ele \u00e9 pai de tr\u00eas filhos adotivos: Tarantino (Daniel Rangel), Queen (Alice Palmar) e Mosquito (Ygor Mar\u00e7al). \u00c9 um advogado workaholic, \u00e9tico e correto, mas absorto pelo trabalho.<\/p>\n<p>\u201cSalve-se Quem Puder\u201d:Tr\u00eas mulheres com novas identidades e uma \u00fanica certeza: suas vidas est\u00e3o entrela\u00e7adas para sempre. Salve-se Quem Puder conta a hist\u00f3ria de Alexia (Deborah Secco), Luna (Juliana Paiva) e Kyra (Vit\u00f3ria Strada), que ingressam no Programa de Prote\u00e7\u00e3o \u00e0 Testemunha e mudam de vida ap\u00f3s presenciarem um crime. Para sobreviver, elas mudam o nome, a apar\u00eancia, o estilo de vida e v\u00e3o morar na fict\u00edcia Judas do Norte, no interior de S\u00e3o Paulo, depois que s\u00e3o dadas como mortas.<\/p>\n<p>Alexia vira Josimara, Luna assume o nome de Fiona e Kyra \u00e9 Cleyde, novas pessoas com um padr\u00e3o de vida bem diferente. Elas ser\u00e3o acolhidas por uma fam\u00edlia protetora &#8211; que n\u00e3o sabe nada sobre o passado delas &#8211; e v\u00e3o precisar seguir regras r\u00edgidas para permanecerem no programa. A primeira delas \u00e9 a interrup\u00e7\u00e3o imediata de qualquer tipo de contato com conhecidos, por isso, celulares e rede sociais s\u00e3o proibidos, assim como frequentar os mesmos lugares e cultivar h\u00e1bitos do passado.<\/p>\n","protected":false},"excerpt":{"rendered":"<p>Novela \u201cSalve-se Quem Puder\u201d: Situa\u00e7\u00f5es divertidas e inusitadas d\u00e3o o tom a esta com\u00e9dia rom\u00e2ntica repleta de aventura e suspense! Salve-se Quem Puder, a nova novela das 7, conta a hist\u00f3ria de Alexia (Deborah Secco), Luna (Juliana Paiva) e Kyra (Vit\u00f3ria Strada), que ter\u00e3o suas vidas entrela\u00e7adas de uma forma inesperada. Depois de presenciarem um [&hellip;]<\/p>\n","protected":false},"author":5,"featured_media":186173,"comment_status":"open","ping_status":"closed","sticky":false,"template":"","format":"standard","meta":{"tdm_status":"","tdm_grid_status":"","footnotes":""},"categories":[379,375,553,343],"tags":[440],"class_list":{"0":"post-186316","1":"post","2":"type-post","3":"status-publish","4":"format-standard","5":"has-post-thumbnail","7":"category-novelas","8":"category-rede-globo","9":"category-salve-se-quem-puder","10":"category-televisao","11":"tag-noticia-novela"},"_links":{"self":[{"href":"https:\/\/migracao.redenoticia.com.br\/noticia\/wp-json\/wp\/v2\/posts\/186316","targetHints":{"allow":["GET"]}}],"collection":[{"href":"https:\/\/migracao.redenoticia.com.br\/noticia\/wp-json\/wp\/v2\/posts"}],"about":[{"href":"https:\/\/migracao.redenoticia.com.br\/noticia\/wp-json\/wp\/v2\/types\/post"}],"author":[{"embeddable":true,"href":"https:\/\/migracao.redenoticia.com.br\/noticia\/wp-json\/wp\/v2\/users\/5"}],"replies":[{"embeddable":true,"href":"https:\/\/migracao.redenoticia.com.br\/noticia\/wp-json\/wp\/v2\/comments?post=186316"}],"version-history":[{"count":0,"href":"https:\/\/migracao.redenoticia.com.br\/noticia\/wp-json\/wp\/v2\/posts\/186316\/revisions"}],"wp:featuredmedia":[{"embeddable":true,"href":"https:\/\/migracao.redenoticia.com.br\/noticia\/wp-json\/wp\/v2\/media\/186173"}],"wp:attachment":[{"href":"https:\/\/migracao.redenoticia.com.br\/noticia\/wp-json\/wp\/v2\/media?parent=186316"}],"wp:term":[{"taxonomy":"category","embeddable":true,"href":"https:\/\/migracao.redenoticia.com.br\/noticia\/wp-json\/wp\/v2\/categories?post=186316"},{"taxonomy":"post_tag","embeddable":true,"href":"https:\/\/migracao.redenoticia.com.br\/noticia\/wp-json\/wp\/v2\/tags?post=186316"}],"curies":[{"name":"wp","href":"https:\/\/api.w.org\/{rel}","templated":true}]}}