{"id":186318,"date":"2019-12-22T14:03:11","date_gmt":"2019-12-22T17:03:11","guid":{"rendered":"https:\/\/www.redenoticia.com.br\/noticia\/?p=186318"},"modified":"2019-12-22T14:27:00","modified_gmt":"2019-12-22T17:27:00","slug":"novela-eramos-seis-lola-recebe-uma-carta-enderecada-a-julio","status":"publish","type":"post","link":"https:\/\/migracao.redenoticia.com.br\/noticia\/2019\/novela-eramos-seis-lola-recebe-uma-carta-enderecada-a-julio\/186318","title":{"rendered":"Novela \u201c\u00c9ramos Seis\u201d: Lola recebe uma carta endere\u00e7ada a J\u00falio"},"content":{"rendered":"<p><img loading=\"lazy\" decoding=\"async\" src=\"https:\/\/migracao.redenoticia.com.br\/noticia\/imagens\/eramos-seis-resumo-noticia-novela-02-300x300.jpg\" alt=\"\" width=\"300\" height=\"300\" class=\"aligncenter size-large wp-image-182542\" srcset=\"https:\/\/migracao.redenoticia.com.br\/noticia\/imagens\/eramos-seis-resumo-noticia-novela-02-300x300.jpg 300w, https:\/\/migracao.redenoticia.com.br\/noticia\/imagens\/eramos-seis-resumo-noticia-novela-02-187x187.jpg 187w, https:\/\/migracao.redenoticia.com.br\/noticia\/imagens\/eramos-seis-resumo-noticia-novela-02.jpg 524w\" sizes=\"auto, (max-width: 300px) 100vw, 300px\" \/> <strong><em>Novela \u201c\u00c9ramos Seis\u201d:<\/em><\/strong> Lola (Gloria Pires) fica vi\u00fava e come\u00e7a a vender doces para pagar as despesas da casa e a faculdade do filho. Ela faz sucesso e compra um fog\u00e3o novo para aumentar a produ\u00e7\u00e3o e atender as encomendas. Carlos (Danilo Mesquita) se preocupa: &#8220;Deu entrada com o que sobrou das encomendas e vamos pagar em dez vezes, n\u00e3o \u00e9? N\u00e3o atrapalha a presta\u00e7\u00e3o da casa?&#8221;. Lola diz: &#8220;Seu Afonso falou que \u00e9 assim que a roda gira. Se temos chance de melhorar os doces, fazemos mais dinheiro para pagar as contas e o que falta da casa&#8221;.<\/p>\n<p>O carteira chega e Lola recebe uma carta endere\u00e7ada a J\u00falio (Antonio Calloni). Ela revela: &#8220;Uma d\u00edvida. Est\u00e3o me cobrando uma d\u00edvida, com juros. Alt\u00edssima, meus filhos&#8221;. Carlos decide abandonar os estudos e diz: &#8220;Estou chocado. Dif\u00edcil aceitar. Por que o papai fez isso com a gente? S\u00e3o d\u00edvidas e mais d\u00edvidas! Por qu\u00ea? Maldito pai que tivemos&#8221;. Lola o corrige: &#8220;Carlos, que isso? N\u00e3o fala assim, n\u00e3o tenha raiva do seu pai. Vamos ter que tirar mais essa pedra do caminho. N\u00e3o tem jeito&#8221;. Cena prevista para dia 28 de dezembro na novela \u201c\u00c9ramos Seis\u201d.<\/p>\n<p>\u201c\u00c9ramos Seis\u201d: Casada com J\u00falio (Antonio Calloni), Lola (Gloria Pires) \u00e9 uma esposa devotada e m\u00e3e de quatro filhos: Carlos (Xande Valois\/ Danilo Mesquita), o mais velho e motivo de orgulho para os pais; Alfredo (Pedro Sol\/ Nicolas Prattes), rebelde que vive se metendo em confus\u00f5es e tem ci\u00fames do irm\u00e3o; Isabel (Maju Lima\/ Giullia Buscacio), determinada e independente, \u00e9 a favorita do pai &#8211; por ser a \u00fanica filha mulher; e Julinho (Davi de Oliveira\/ Andr\u00e9 Luiz Frambach), o ca\u00e7ula da fam\u00edlia &#8211; que desde crian\u00e7a demonstra habilidade para lidar com dinheiro.<\/p>\n<p>A hist\u00f3ria come\u00e7a com Lola e J\u00falio passando sufoco para poder pagar as parcelas do casar\u00e3o que compraram em S\u00e3o Paulo. O primeiro bem do casal sai mais caro do que eles previam por causa dos alt\u00edssimos juros do financiamento banc\u00e1rio. O im\u00f3vel acaba gerando um impasse entre eles: para ela, o local \u00e9 a alma da fam\u00edlia. Para ele, um empecilho para melhorar de vida.<\/p>\n","protected":false},"excerpt":{"rendered":"<p>Novela \u201c\u00c9ramos Seis\u201d: Lola (Gloria Pires) fica vi\u00fava e come\u00e7a a vender doces para pagar as despesas da casa e a faculdade do filho. Ela faz sucesso e compra um fog\u00e3o novo para aumentar a produ\u00e7\u00e3o e atender as encomendas. Carlos (Danilo Mesquita) se preocupa: &#8220;Deu entrada com o que sobrou das encomendas e vamos [&hellip;]<\/p>\n","protected":false},"author":5,"featured_media":184321,"comment_status":"open","ping_status":"closed","sticky":false,"template":"","format":"standard","meta":{"tdm_status":"","tdm_grid_status":"","footnotes":""},"categories":[388,548,379,375,343],"tags":[440],"class_list":{"0":"post-186318","1":"post","2":"type-post","3":"status-publish","4":"format-standard","5":"has-post-thumbnail","7":"category-destaques","8":"category-eramos-seis","9":"category-novelas","10":"category-rede-globo","11":"category-televisao","12":"tag-noticia-novela"},"_links":{"self":[{"href":"https:\/\/migracao.redenoticia.com.br\/noticia\/wp-json\/wp\/v2\/posts\/186318","targetHints":{"allow":["GET"]}}],"collection":[{"href":"https:\/\/migracao.redenoticia.com.br\/noticia\/wp-json\/wp\/v2\/posts"}],"about":[{"href":"https:\/\/migracao.redenoticia.com.br\/noticia\/wp-json\/wp\/v2\/types\/post"}],"author":[{"embeddable":true,"href":"https:\/\/migracao.redenoticia.com.br\/noticia\/wp-json\/wp\/v2\/users\/5"}],"replies":[{"embeddable":true,"href":"https:\/\/migracao.redenoticia.com.br\/noticia\/wp-json\/wp\/v2\/comments?post=186318"}],"version-history":[{"count":0,"href":"https:\/\/migracao.redenoticia.com.br\/noticia\/wp-json\/wp\/v2\/posts\/186318\/revisions"}],"wp:featuredmedia":[{"embeddable":true,"href":"https:\/\/migracao.redenoticia.com.br\/noticia\/wp-json\/wp\/v2\/media\/184321"}],"wp:attachment":[{"href":"https:\/\/migracao.redenoticia.com.br\/noticia\/wp-json\/wp\/v2\/media?parent=186318"}],"wp:term":[{"taxonomy":"category","embeddable":true,"href":"https:\/\/migracao.redenoticia.com.br\/noticia\/wp-json\/wp\/v2\/categories?post=186318"},{"taxonomy":"post_tag","embeddable":true,"href":"https:\/\/migracao.redenoticia.com.br\/noticia\/wp-json\/wp\/v2\/tags?post=186318"}],"curies":[{"name":"wp","href":"https:\/\/api.w.org\/{rel}","templated":true}]}}