{"id":186493,"date":"2019-12-24T15:56:42","date_gmt":"2019-12-24T18:56:42","guid":{"rendered":"https:\/\/www.redenoticia.com.br\/noticia\/?p=186493"},"modified":"2019-12-24T15:56:42","modified_gmt":"2019-12-24T18:56:42","slug":"resumo-novela-abismo-de-paixao-25-12-paloma-tenta-suicidio","status":"publish","type":"post","link":"https:\/\/migracao.redenoticia.com.br\/noticia\/2019\/resumo-novela-abismo-de-paixao-25-12-paloma-tenta-suicidio\/186493","title":{"rendered":"Resumo novela \u201cAbismo de Paix\u00e3o\u201d 25\/12: Paloma tenta suic\u00eddio"},"content":{"rendered":"<p><img loading=\"lazy\" decoding=\"async\" class=\"aligncenter size-large wp-image-181127\" src=\"https:\/\/migracao.redenoticia.com.br\/noticia\/imagens\/abismo-de-paixao-sbt-resumo-327x300.jpg\" alt=\"\" width=\"327\" height=\"300\" srcset=\"https:\/\/migracao.redenoticia.com.br\/noticia\/imagens\/abismo-de-paixao-sbt-resumo-327x300.jpg 327w, https:\/\/migracao.redenoticia.com.br\/noticia\/imagens\/abismo-de-paixao-sbt-resumo-204x187.jpg 204w, https:\/\/migracao.redenoticia.com.br\/noticia\/imagens\/abismo-de-paixao-sbt-resumo.jpg 426w\" sizes=\"auto, (max-width: 327px) 100vw, 327px\" \/><\/p>\n<p><strong><em>Resumo da novela \u201cAbismo de Paix\u00e3o\u201d<\/em><\/strong> em 25\/12: no cap\u00edtulo 087(*) da novela, quarta-feira, 25 de dezembro, Dolores diz a Elisa que sua tia Carmen for\u00e7ou uma situa\u00e7\u00e3o para que Paloma descobrisse que ela se casaria com Gael. Dami\u00e3o diz a Almerinda que seu casamento religioso ser\u00e1 algo muito \u00edntimo. Edmundo diz a Henrique que n\u00e3o \u00e9 justo que ele use Paloma para causar ci\u00fames em Flor\u00eancia. Dami\u00e3o informa seu tio que houve uma mudan\u00e7a de planos, e j\u00e1 n\u00e3o ir\u00e1 mais embora do povoado e se casar\u00e1 na igreja. Padre Lupe se surpreende quando Gael diz que quer que ele o case com Elisa. O Padre, zangado, responde que n\u00e3o apoiar\u00e1 essa loucura. Flor\u00eancia diz a Paulo que ele precisa assumir Sabrina, j\u00e1 que logo notar\u00e3o sua gravidez, e ela n\u00e3o pode correr nenhum risco. Ramona procura Edmundo em sua casa e diz a Henrique que Paloma est\u00e1 morrendo. Ramona pede ajuda a Edmundo para curar Paloma, j\u00e1 que ela tomou umas ervas que a intoxicou. Henrique leva Paloma \u00e1 casa de Bet\u00e2nia, que se zanga.<\/p>\n<p>Edmundo a examina e pede a Ramona que deixe a neta passar a noite ali, para que possa estar sob sua constante aten\u00e7\u00e3o. Ramona diz a Edmundo que Sabrina est\u00e1 gr\u00e1vida e o aconselha a deixar que ela se case com Paulo. Edmundo vai atr\u00e1s de Sabrina por toda a casa e n\u00e3o a encontra. Sabrina aproveita a presen\u00e7a de Ramona e Paloma para fugir de casa e encontrar Paulo. Paloma diz a Henrique que tentou o suic\u00eddio, pois perdeu a raz\u00e3o quando descobriu que Elisa e Gael iriam se casar. Lucio pede a Padre Lupe que entregue os pap\u00e9is do invent\u00e1rio a Elisa, mas ele se recusa. Lucio pede a Elisa que fa\u00e7a um cheque para que Almerinda a entregue os pap\u00e9is do invent\u00e1rio. Sabrina procura Paulo na fazenda Arango, mas como ele n\u00e3o est\u00e1 pronto para fugir, ela pede a Vicente que a esconda. Elisa procura Paloma em sua casa para pedir lhe que ela a entenda, j\u00e1 que Gael era o \u00fanico homem que a poderia fazer feliz, Paloma responde que Elisa n\u00e3o o ama e n\u00e3o consegue aceitar que sua melhor amiga a traia desta forma.<\/p>\n<p>(*) edi\u00e7\u00e3o do SBT, Novela \u201cAbismo de Paix\u00e3o\u201d, sujeito a altera\u00e7\u00e3o de data e conte\u00fado.<\/p>\n<p>&#8220;Abismo de Paix\u00e3o&#8221;- Augusto Casta\u00f1\u00f3n (Alejandro Camacho) e Estef\u00e2nia Bouvier de Casta\u00f1\u00f3n (Ludwika Paleta) s\u00e3o pais de Elisa (Angelique Boyer). Com eles vive Carmen Bouvier (Sabine Moussier), irm\u00e3 mais velha de Estef\u00e2nia e que vai fugir do povoado com Rog\u00e9rio Arango (C\u00e9sar \u00c9vora), esposo de Almerinda Arango (Blanca Guerra) e pai de Dami\u00e3o (David Zepeda), melhor amigo de Elisa. Almerinda descobre e alerta a Augusto.<\/p>\n<p>Por sua parte, Estef\u00e2nia tenta impedir Rog\u00e9rio a n\u00e3o abandonar sua fam\u00edlia, mas devido ao intemp\u00e9rie da chuva, ambos morrem em um acidente de carro. Carmem aproveita o fato para fazer Augusto acreditar que sua esposa era infiel. Augusto, por despeito, casa-se com Carmem, apesar de n\u00e3o estar apaixonado por ela e nem am\u00e1-la. Carmem est\u00e1 gr\u00e1vida de Rog\u00e9rio, mas mente para Augusto, dizendo que o filho \u00e9 dele. <\/p>\n<p>Querendo bater em Elisa, Carmem escorrega e cai na piscina da casa, causando morte s\u00fabita ao beb\u00ea. Por sua parte, Almerinda decide mandar a Dami\u00e3o para fora do povoado a estudar para separ\u00e1-lo de Elisa de quem \u00e9 muito amigo, amizade que ela n\u00e3o v\u00ea com bons olhos, ap\u00f3s inocentemente os dois fugirem juntos.<\/p>\n","protected":false},"excerpt":{"rendered":"<p>Resumo da novela \u201cAbismo de Paix\u00e3o\u201d em 25\/12: no cap\u00edtulo 087(*) da novela, quarta-feira, 25 de dezembro, Dolores diz a Elisa que sua tia Carmen for\u00e7ou uma situa\u00e7\u00e3o para que Paloma descobrisse que ela se casaria com Gael. Dami\u00e3o diz a Almerinda que seu casamento religioso ser\u00e1 algo muito \u00edntimo. Edmundo diz a Henrique que [&hellip;]<\/p>\n","protected":false},"author":4,"featured_media":181126,"comment_status":"open","ping_status":"closed","sticky":false,"template":"","format":"standard","meta":{"tdm_status":"","tdm_grid_status":"","footnotes":""},"categories":[379,372,343],"tags":[441],"class_list":{"0":"post-186493","1":"post","2":"type-post","3":"status-publish","4":"format-standard","5":"has-post-thumbnail","7":"category-novelas","8":"category-sbt","9":"category-televisao","10":"tag-resumo-do-dia"},"_links":{"self":[{"href":"https:\/\/migracao.redenoticia.com.br\/noticia\/wp-json\/wp\/v2\/posts\/186493","targetHints":{"allow":["GET"]}}],"collection":[{"href":"https:\/\/migracao.redenoticia.com.br\/noticia\/wp-json\/wp\/v2\/posts"}],"about":[{"href":"https:\/\/migracao.redenoticia.com.br\/noticia\/wp-json\/wp\/v2\/types\/post"}],"author":[{"embeddable":true,"href":"https:\/\/migracao.redenoticia.com.br\/noticia\/wp-json\/wp\/v2\/users\/4"}],"replies":[{"embeddable":true,"href":"https:\/\/migracao.redenoticia.com.br\/noticia\/wp-json\/wp\/v2\/comments?post=186493"}],"version-history":[{"count":0,"href":"https:\/\/migracao.redenoticia.com.br\/noticia\/wp-json\/wp\/v2\/posts\/186493\/revisions"}],"wp:featuredmedia":[{"embeddable":true,"href":"https:\/\/migracao.redenoticia.com.br\/noticia\/wp-json\/wp\/v2\/media\/181126"}],"wp:attachment":[{"href":"https:\/\/migracao.redenoticia.com.br\/noticia\/wp-json\/wp\/v2\/media?parent=186493"}],"wp:term":[{"taxonomy":"category","embeddable":true,"href":"https:\/\/migracao.redenoticia.com.br\/noticia\/wp-json\/wp\/v2\/categories?post=186493"},{"taxonomy":"post_tag","embeddable":true,"href":"https:\/\/migracao.redenoticia.com.br\/noticia\/wp-json\/wp\/v2\/tags?post=186493"}],"curies":[{"name":"wp","href":"https:\/\/api.w.org\/{rel}","templated":true}]}}