{"id":186495,"date":"2019-12-24T16:02:49","date_gmt":"2019-12-24T19:02:49","guid":{"rendered":"https:\/\/www.redenoticia.com.br\/noticia\/?p=186495"},"modified":"2019-12-24T16:02:49","modified_gmt":"2019-12-24T19:02:49","slug":"resumo-novela-meu-coracao-e-teu-25-12-diego-descobre-que-ana-foi-abandonada-por-sua-mae","status":"publish","type":"post","link":"https:\/\/migracao.redenoticia.com.br\/noticia\/2019\/resumo-novela-meu-coracao-e-teu-25-12-diego-descobre-que-ana-foi-abandonada-por-sua-mae\/186495","title":{"rendered":"Resumo novela \u201cMeu Cora\u00e7\u00e3o \u00e9 Teu\u201d 25\/12: Diego descobre que Ana foi abandonada por sua m\u00e3e"},"content":{"rendered":"<p><img loading=\"lazy\" decoding=\"async\" src=\"https:\/\/migracao.redenoticia.com.br\/noticia\/imagens\/meu-coracao-e-teu-300x300.jpg\" alt=\"\" width=\"300\" height=\"300\" class=\"aligncenter size-large wp-image-183929\" srcset=\"https:\/\/migracao.redenoticia.com.br\/noticia\/imagens\/meu-coracao-e-teu-300x300.jpg 300w, https:\/\/migracao.redenoticia.com.br\/noticia\/imagens\/meu-coracao-e-teu-187x187.jpg 187w, https:\/\/migracao.redenoticia.com.br\/noticia\/imagens\/meu-coracao-e-teu-150x150.jpg 150w, https:\/\/migracao.redenoticia.com.br\/noticia\/imagens\/meu-coracao-e-teu-140x140.jpg 140w, https:\/\/migracao.redenoticia.com.br\/noticia\/imagens\/meu-coracao-e-teu-85x85.jpg 85w, https:\/\/migracao.redenoticia.com.br\/noticia\/imagens\/meu-coracao-e-teu.jpg 500w\" sizes=\"auto, (max-width: 300px) 100vw, 300px\" \/><\/p>\n<p><strong><em>Resumo da novela \u201cMeu Cora\u00e7\u00e3o \u00e9 Teu\u201d<\/em><\/strong> em 25\/12: no cap\u00edtulo 038(*) da novela, quarta-feira, 25 de dezembro, Isabela confessa a Henrique que se apaixonou por Fernando, mas ele continua apaixonado por Ana, por isso ela deseja destru\u00ed-la. Nicolas vai pedir informa\u00e7\u00e3o de como poderia adotar uma crian\u00e7a, mas a respons\u00e1vel o faz ver que, por sua idade, quando a crian\u00e7a come\u00e7asse a crescer ele j\u00e1 seria um anci\u00e3o.<br \/>\nNicolas fica emocionado ao saber que Jennifer tamb\u00e9m tem uma surpresa para ele. Diego se muda para um apartamento, decidido a ficar na cidade at\u00e9 conquistar o cora\u00e7\u00e3o de Ana. Ana acompanha Diego para ajud\u00e1-lo a organizar suas coisas, e a s\u00f3s, Ana conta que sua m\u00e3e a abandonou, e ela cresceu sem uma fam\u00edlia, em um orfanato. Diego diz a Ana que tem certeza que sua m\u00e3e est\u00e1 viva e que algum dia ela a encontrar\u00e1.<\/p>\n<p>Guille e Alex colocam em a\u00e7\u00e3o um plano contra Isabela e enchem seu frasco de xampu com tinta azul. Quando Isabela vai tomar um banho, fica com a cabe\u00e7a e a cara toda azul. Ela grita e jura para a m\u00e3e que se vingar\u00e1 das crian\u00e7as e destruir\u00e1 Ana. Isabela fala com Ana e reclama de sua falta de controle sobre as crian\u00e7as e a amea\u00e7a por ter beijado Fernando. Ana fica preocupada.Isabela adverte Ana que n\u00e3o se aproxime mais de seu marido. Henrique tenta impressionar Fanny. Leon fica feliz, pois encontra um trabalho. Nicolas pede a Nando que o ajude a comprar preservativos. Guille e Alex prometem a Ana que n\u00e3o voltar\u00e3o a fazer travessuras contra Isabela. Sebasti\u00e3o acusa Isabela de ser uma hip\u00f3crita. Nando fala com Diego sobre Helena e o confessa que far\u00e3o amor, e ser\u00e1 sua primeira vez. Ana fica emocionada ao ouvir os conselhos que Diego d\u00e1 a Nando. Diego garante a Nando que sexo \u00e9 importante, mas nunca mais importante que o amor.<br \/>\n(*) edi\u00e7\u00e3o do SBT, Novela \u201cMeu Cora\u00e7\u00e3o \u00e9 Teu\u201d, sujeito a altera\u00e7\u00e3o de data e conte\u00fado.<\/p>\n<p>Novela \u201cMeu Cora\u00e7\u00e3o \u00e9 Teu\u201d: Ana Leal \u00e9 uma mulher alegre e otimista. Um desastre destr\u00f3i sua casa e Ana perde tudo o que tem. Fernando Lascur\u00e1in, um prestigiado empres\u00e1rio que se lembra com tristeza que h\u00e1 um ano morreu sua esposa. Fernando \u00e9 o pai de sete filhos: Fanny de 19 anos, Nando de 17 anos, Alicia de 14 anos, Sebasti\u00e3o de 11 anos, os g\u00eameos Alex e Guille de 8 anos e a pequena Luz de 4 anos. Estes sete \u201cpequenos\u201d se encarregaram de fazer a vida de dezenas de bab\u00e1s imposs\u00edvel, mas Fernando precisa urgentemente de uma bab\u00e1 que cuide de seus filhos.<\/p>\n<p>As necessidades e a vontade de se superar, levam Ana a buscar outro trabalho. Sua falta de experi\u00eancia, e sua educa\u00e7\u00e3o prec\u00e1ria complicam o processo de ela encontrar um trabalho est\u00e1vel. Mas o destino tem algo preparado a ela: por uma confus\u00e3o, Ana termina chegando \u00e0 mans\u00e3o Lascur\u00e1in sem saber que l\u00e1 encontrar\u00e1 tudo o que sempre sonhou.<\/p>\n","protected":false},"excerpt":{"rendered":"<p>Resumo da novela \u201cMeu Cora\u00e7\u00e3o \u00e9 Teu\u201d em 25\/12: no cap\u00edtulo 038(*) da novela, quarta-feira, 25 de dezembro, Isabela confessa a Henrique que se apaixonou por Fernando, mas ele continua apaixonado por Ana, por isso ela deseja destru\u00ed-la. Nicolas vai pedir informa\u00e7\u00e3o de como poderia adotar uma crian\u00e7a, mas a respons\u00e1vel o faz ver que, [&hellip;]<\/p>\n","protected":false},"author":4,"featured_media":183928,"comment_status":"open","ping_status":"closed","sticky":false,"template":"","format":"standard","meta":{"tdm_status":"","tdm_grid_status":"","footnotes":""},"categories":[379,372,343],"tags":[441],"class_list":{"0":"post-186495","1":"post","2":"type-post","3":"status-publish","4":"format-standard","5":"has-post-thumbnail","7":"category-novelas","8":"category-sbt","9":"category-televisao","10":"tag-resumo-do-dia"},"_links":{"self":[{"href":"https:\/\/migracao.redenoticia.com.br\/noticia\/wp-json\/wp\/v2\/posts\/186495","targetHints":{"allow":["GET"]}}],"collection":[{"href":"https:\/\/migracao.redenoticia.com.br\/noticia\/wp-json\/wp\/v2\/posts"}],"about":[{"href":"https:\/\/migracao.redenoticia.com.br\/noticia\/wp-json\/wp\/v2\/types\/post"}],"author":[{"embeddable":true,"href":"https:\/\/migracao.redenoticia.com.br\/noticia\/wp-json\/wp\/v2\/users\/4"}],"replies":[{"embeddable":true,"href":"https:\/\/migracao.redenoticia.com.br\/noticia\/wp-json\/wp\/v2\/comments?post=186495"}],"version-history":[{"count":0,"href":"https:\/\/migracao.redenoticia.com.br\/noticia\/wp-json\/wp\/v2\/posts\/186495\/revisions"}],"wp:featuredmedia":[{"embeddable":true,"href":"https:\/\/migracao.redenoticia.com.br\/noticia\/wp-json\/wp\/v2\/media\/183928"}],"wp:attachment":[{"href":"https:\/\/migracao.redenoticia.com.br\/noticia\/wp-json\/wp\/v2\/media?parent=186495"}],"wp:term":[{"taxonomy":"category","embeddable":true,"href":"https:\/\/migracao.redenoticia.com.br\/noticia\/wp-json\/wp\/v2\/categories?post=186495"},{"taxonomy":"post_tag","embeddable":true,"href":"https:\/\/migracao.redenoticia.com.br\/noticia\/wp-json\/wp\/v2\/tags?post=186495"}],"curies":[{"name":"wp","href":"https:\/\/api.w.org\/{rel}","templated":true}]}}