{"id":186500,"date":"2019-12-24T16:06:04","date_gmt":"2019-12-24T19:06:04","guid":{"rendered":"https:\/\/www.redenoticia.com.br\/noticia\/?p=186500"},"modified":"2019-12-24T16:06:04","modified_gmt":"2019-12-24T19:06:04","slug":"resumo-novela-cumplices-de-um-resgate-25-12-priscila-ve-as-irmas-gemeas","status":"publish","type":"post","link":"https:\/\/migracao.redenoticia.com.br\/noticia\/2019\/resumo-novela-cumplices-de-um-resgate-25-12-priscila-ve-as-irmas-gemeas\/186500","title":{"rendered":"Resumo novela \u201cC\u00famplices de um Resgate\u201d 25\/12: Priscila v\u00ea as irm\u00e3s g\u00eameas"},"content":{"rendered":"<p><img loading=\"lazy\" decoding=\"async\" class=\"aligncenter size-large wp-image-164526\" src=\"https:\/\/migracao.redenoticia.com.br\/noticia\/imagens\/cumplices-de-um-resgate-001-316x300.jpg\" alt=\"\" width=\"316\" height=\"300\" srcset=\"https:\/\/migracao.redenoticia.com.br\/noticia\/imagens\/cumplices-de-um-resgate-001-316x300.jpg 316w, https:\/\/migracao.redenoticia.com.br\/noticia\/imagens\/cumplices-de-um-resgate-001-197x187.jpg 197w, https:\/\/migracao.redenoticia.com.br\/noticia\/imagens\/cumplices-de-um-resgate-001-150x143.jpg 150w, https:\/\/migracao.redenoticia.com.br\/noticia\/imagens\/cumplices-de-um-resgate-001.jpg 526w\" sizes=\"auto, (max-width: 316px) 100vw, 316px\" \/><\/p>\n<p><strong><em>Resumo novela \u201cC\u00famplices de um Resgate\u201d 25\/12<\/em><\/strong>: no cap\u00edtulo 254(*) da novela, quarta-feira, 25 de dezembro, Marta Lobo pergunta ao padre se existe perd\u00e3o para quem fez o parto de g\u00eameas, viu uma das crian\u00e7as ser roubada, mas se manteve calada por anos, por medo. Marta revela ainda ao Padre Lutero que foi amea\u00e7ada e diz que Rebeca perdeu uma filha sem saber disso. A enfermeira n\u00e3o sabe quem estava por tr\u00e1s do roubo e pergunta se existe perd\u00e3o por isso. Lutero aconselha Marta a revelar a verdade, mas a mulher diz ser algo perigoso e lembra que o padre n\u00e3o pode contar isso a ningu\u00e9m, pois est\u00e1 em juramento. Manuela e Isabela destrocam de lugar, mas Priscila, pela primeira vez, v\u00ea as irm\u00e3s g\u00eameas. Priscila disfar\u00e7a pra que as duas n\u00e3o percebam. A menina pergunta pra Isabela, que na verdade era Manuela, quem era a menina que estava falando com ela. Manuela diz que era apenas uma amiga da escola, mas que elas n\u00e3o se parecem nada.<\/p>\n<p>T\u00e9o estranha que o cheiro de Manuela, que na verdade \u00e9 Isabela, mudou novamente. Isabela desconversa. Todos os amigos de Manuela v\u00e3o at\u00e9 uma lanchonete. Fausto aparece e faz quest\u00e3o de sentar do lado de Helena. Pedro fica enciumado. No apartamento, os irm\u00e3os Vaz e Andr\u00e9 dizem que est\u00e1 na cara que Dinho est\u00e1 apaixonado por Helena. Frederico est\u00e1 focado em desenhar uma nova cole\u00e7\u00e3o para a On-Enterprise. O estilista pensa em Lurdinha para se inspirar. Fausto diz que s\u00f3 depende de Helena para que sejam namorados. Pedro decide ir embora da lanchonete com as crian\u00e7as do vilarejo.<\/p>\n<p>(*) edi\u00e7\u00e3o do SBT, Novela \u201cC\u00famplices de um Resgate\u201d, sujeito a altera\u00e7\u00e3o de data e conte\u00fado.<\/p>\n<p>\u201cC\u00famplices de um Resgate\u201d &#8211; Duas irm\u00e3s g\u00eameas univitelinas que foram separadas ap\u00f3s nascimento, se reencontram somente ap\u00f3s doze anos. Manuela, uma das g\u00eameas, \u00e9 doce, meiga, gentil, e muito talentosa para a m\u00fasica e tem uma voz encantadora. Vive uma vida feliz no Vilarejo dos Sonhos, onde mora com sua av\u00f3 Nina, sua tia Helena e sua m\u00e3e Rebeca, que d\u00e1 muito amor e carinho a filha por ela nunca ter tido um pai, e ela \u00e9 a m\u00e3e biol\u00f3gica das duas garotas, mas nunca soube que teve g\u00eameas.<\/p>\n","protected":false},"excerpt":{"rendered":"<p>Resumo novela \u201cC\u00famplices de um Resgate\u201d 25\/12: no cap\u00edtulo 254(*) da novela, quarta-feira, 25 de dezembro, Marta Lobo pergunta ao padre se existe perd\u00e3o para quem fez o parto de g\u00eameas, viu uma das crian\u00e7as ser roubada, mas se manteve calada por anos, por medo. Marta revela ainda ao Padre Lutero que foi amea\u00e7ada e [&hellip;]<\/p>\n","protected":false},"author":4,"featured_media":164526,"comment_status":"open","ping_status":"closed","sticky":false,"template":"","format":"standard","meta":{"tdm_status":"","tdm_grid_status":"","footnotes":""},"categories":[379,372,343],"tags":[441],"class_list":{"0":"post-186500","1":"post","2":"type-post","3":"status-publish","4":"format-standard","5":"has-post-thumbnail","7":"category-novelas","8":"category-sbt","9":"category-televisao","10":"tag-resumo-do-dia"},"_links":{"self":[{"href":"https:\/\/migracao.redenoticia.com.br\/noticia\/wp-json\/wp\/v2\/posts\/186500","targetHints":{"allow":["GET"]}}],"collection":[{"href":"https:\/\/migracao.redenoticia.com.br\/noticia\/wp-json\/wp\/v2\/posts"}],"about":[{"href":"https:\/\/migracao.redenoticia.com.br\/noticia\/wp-json\/wp\/v2\/types\/post"}],"author":[{"embeddable":true,"href":"https:\/\/migracao.redenoticia.com.br\/noticia\/wp-json\/wp\/v2\/users\/4"}],"replies":[{"embeddable":true,"href":"https:\/\/migracao.redenoticia.com.br\/noticia\/wp-json\/wp\/v2\/comments?post=186500"}],"version-history":[{"count":0,"href":"https:\/\/migracao.redenoticia.com.br\/noticia\/wp-json\/wp\/v2\/posts\/186500\/revisions"}],"wp:featuredmedia":[{"embeddable":true,"href":"https:\/\/migracao.redenoticia.com.br\/noticia\/wp-json\/wp\/v2\/media\/164526"}],"wp:attachment":[{"href":"https:\/\/migracao.redenoticia.com.br\/noticia\/wp-json\/wp\/v2\/media?parent=186500"}],"wp:term":[{"taxonomy":"category","embeddable":true,"href":"https:\/\/migracao.redenoticia.com.br\/noticia\/wp-json\/wp\/v2\/categories?post=186500"},{"taxonomy":"post_tag","embeddable":true,"href":"https:\/\/migracao.redenoticia.com.br\/noticia\/wp-json\/wp\/v2\/tags?post=186500"}],"curies":[{"name":"wp","href":"https:\/\/api.w.org\/{rel}","templated":true}]}}