{"id":186546,"date":"2020-01-04T18:05:08","date_gmt":"2020-01-04T21:05:08","guid":{"rendered":"https:\/\/www.redenoticia.com.br\/noticia\/?p=186546"},"modified":"2020-01-04T19:04:03","modified_gmt":"2020-01-04T22:04:03","slug":"novela-eramos-seis-justina-fica-maravilhada-com-o-aviao-e-adelaide","status":"publish","type":"post","link":"https:\/\/migracao.redenoticia.com.br\/noticia\/2020\/novela-eramos-seis-justina-fica-maravilhada-com-o-aviao-e-adelaide\/186546","title":{"rendered":"Novela \u201c\u00c9ramos Seis\u201d: Justina fica maravilhada com o avi\u00e3o de Adelaide"},"content":{"rendered":"<p><img loading=\"lazy\" decoding=\"async\" src=\"https:\/\/migracao.redenoticia.com.br\/noticia\/imagens\/eramos-seis-resumo-noticia-novela-02-300x300.jpg\" alt=\"\" width=\"300\" height=\"300\" class=\"aligncenter size-large wp-image-182542\" srcset=\"https:\/\/migracao.redenoticia.com.br\/noticia\/imagens\/eramos-seis-resumo-noticia-novela-02-300x300.jpg 300w, https:\/\/migracao.redenoticia.com.br\/noticia\/imagens\/eramos-seis-resumo-noticia-novela-02-187x187.jpg 187w, https:\/\/migracao.redenoticia.com.br\/noticia\/imagens\/eramos-seis-resumo-noticia-novela-02.jpg 524w\" sizes=\"auto, (max-width: 300px) 100vw, 300px\" \/> <strong><em>Novela \u201c\u00c9ramos Seis\u201d:<\/em><\/strong> Em\u00edlia (Susana Vieira) visita Justina (Julia Stocker) na casa de Maria (Denise Weinberg) e n\u00e3o leva Adelaide (Joana de Verona). A filha rebelde segue a m\u00e3e, aparece de surpresa e Justina se torna agressiva: &#8220;Eu n\u00e3o tenho irm\u00e3! V\u00e1 embora! Candoca, me ajuda! Socorro&#8221;. Em\u00edlia briga com Adelaide: &#8220;Voc\u00ea \u00e9 um pesadelo! Sua irm\u00e3 est\u00e1 chorando, assustada, porque chegou. Pelo bem de Justina e meu tamb\u00e9m: v\u00e1 embora daqui&#8221;. <\/p>\n<p>Adelaide percebe que Justina gosta de p\u00e1ssaros. Em\u00edlia volta para S\u00e3o Paulo, a rebelde pousa seu avi\u00e3o em Itapetininga de forma brusca e chama a aten\u00e7\u00e3o de Justina. A menina fica maravilhada com o avi\u00e3o e Adelaide diz: &#8220;Lindo dia, n\u00e3o? Queria fazer esta surpresa para voc\u00ea, mostrar que eu sei voar. Pode ir ver, vai l\u00e1 ver de perto as minhas asas &#8230; Vou realizar seu sonho de voar como eles, porque se voc\u00ea estiver feliz, eu tamb\u00e9m estou&#8221;. Elas voam, Maria (Denise Weinberg) se preocupa, mas Adelaide pousa e revela que a irm\u00e3 decidiu voltar a S\u00e3o Paulo em sua companhia: &#8220;N\u00e3o vamos pedir permiss\u00e3o. \u00c9 capaz de mam\u00e3e dar o contra porque n\u00e3o foi ideia dela. Por favor, ningu\u00e9m conte nada&#8221;.<\/p>\n<p>Elas chegam na mans\u00e3o e Adelaide anuncia: &#8220;Foi por um bom motivo o meu sumi\u00e7o, mam\u00e3e. Trouxe Justina de volta para casa. E agora estamos aqui, suas duas filhas&#8221;. Em\u00edlia fica chocada. Cena prevista para dia 06 de janeiro na novela \u201c\u00c9ramos Seis\u201d.<\/p>\n<p>\u201c\u00c9ramos Seis\u201d: Casada com J\u00falio (Antonio Calloni), Lola (Gloria Pires) \u00e9 uma esposa devotada e m\u00e3e de quatro filhos: Carlos (Xande Valois\/ Danilo Mesquita), o mais velho e motivo de orgulho para os pais; Alfredo (Pedro Sol\/ Nicolas Prattes), rebelde que vive se metendo em confus\u00f5es e tem ci\u00fames do irm\u00e3o; Isabel (Maju Lima\/ Giullia Buscacio), determinada e independente, \u00e9 a favorita do pai &#8211; por ser a \u00fanica filha mulher; e Julinho (Davi de Oliveira\/ Andr\u00e9 Luiz Frambach), o ca\u00e7ula da fam\u00edlia &#8211; que desde crian\u00e7a demonstra habilidade para lidar com dinheiro.<\/p>\n<p>A hist\u00f3ria come\u00e7a com Lola e J\u00falio passando sufoco para poder pagar as parcelas do casar\u00e3o que compraram em S\u00e3o Paulo. O primeiro bem do casal sai mais caro do que eles previam por causa dos alt\u00edssimos juros do financiamento banc\u00e1rio. O im\u00f3vel acaba gerando um impasse entre eles: para ela, o local \u00e9 a alma da fam\u00edlia. Para ele, um empecilho para melhorar de vida.<\/p>\n","protected":false},"excerpt":{"rendered":"<p>Novela \u201c\u00c9ramos Seis\u201d: Em\u00edlia (Susana Vieira) visita Justina (Julia Stocker) na casa de Maria (Denise Weinberg) e n\u00e3o leva Adelaide (Joana de Verona). A filha rebelde segue a m\u00e3e, aparece de surpresa e Justina se torna agressiva: &#8220;Eu n\u00e3o tenho irm\u00e3! V\u00e1 embora! Candoca, me ajuda! Socorro&#8221;. Em\u00edlia briga com Adelaide: &#8220;Voc\u00ea \u00e9 um pesadelo! [&hellip;]<\/p>\n","protected":false},"author":5,"featured_media":185164,"comment_status":"open","ping_status":"closed","sticky":false,"template":"","format":"standard","meta":{"tdm_status":"","tdm_grid_status":"","footnotes":""},"categories":[388,548,379,375,343],"tags":[440],"class_list":{"0":"post-186546","1":"post","2":"type-post","3":"status-publish","4":"format-standard","5":"has-post-thumbnail","7":"category-destaques","8":"category-eramos-seis","9":"category-novelas","10":"category-rede-globo","11":"category-televisao","12":"tag-noticia-novela"},"_links":{"self":[{"href":"https:\/\/migracao.redenoticia.com.br\/noticia\/wp-json\/wp\/v2\/posts\/186546","targetHints":{"allow":["GET"]}}],"collection":[{"href":"https:\/\/migracao.redenoticia.com.br\/noticia\/wp-json\/wp\/v2\/posts"}],"about":[{"href":"https:\/\/migracao.redenoticia.com.br\/noticia\/wp-json\/wp\/v2\/types\/post"}],"author":[{"embeddable":true,"href":"https:\/\/migracao.redenoticia.com.br\/noticia\/wp-json\/wp\/v2\/users\/5"}],"replies":[{"embeddable":true,"href":"https:\/\/migracao.redenoticia.com.br\/noticia\/wp-json\/wp\/v2\/comments?post=186546"}],"version-history":[{"count":0,"href":"https:\/\/migracao.redenoticia.com.br\/noticia\/wp-json\/wp\/v2\/posts\/186546\/revisions"}],"wp:featuredmedia":[{"embeddable":true,"href":"https:\/\/migracao.redenoticia.com.br\/noticia\/wp-json\/wp\/v2\/media\/185164"}],"wp:attachment":[{"href":"https:\/\/migracao.redenoticia.com.br\/noticia\/wp-json\/wp\/v2\/media?parent=186546"}],"wp:term":[{"taxonomy":"category","embeddable":true,"href":"https:\/\/migracao.redenoticia.com.br\/noticia\/wp-json\/wp\/v2\/categories?post=186546"},{"taxonomy":"post_tag","embeddable":true,"href":"https:\/\/migracao.redenoticia.com.br\/noticia\/wp-json\/wp\/v2\/tags?post=186546"}],"curies":[{"name":"wp","href":"https:\/\/api.w.org\/{rel}","templated":true}]}}