{"id":186552,"date":"2019-12-26T13:04:24","date_gmt":"2019-12-26T16:04:24","guid":{"rendered":"https:\/\/www.redenoticia.com.br\/noticia\/?p=186552"},"modified":"2019-12-26T13:04:24","modified_gmt":"2019-12-26T16:04:24","slug":"resumo-novela-abismo-de-paixao-27-12-gael-convida-braulio-e-lucio-para-trabalhar-com-elisa","status":"publish","type":"post","link":"https:\/\/migracao.redenoticia.com.br\/noticia\/2019\/resumo-novela-abismo-de-paixao-27-12-gael-convida-braulio-e-lucio-para-trabalhar-com-elisa\/186552","title":{"rendered":"Resumo novela \u201cAbismo de Paix\u00e3o\u201d 27\/12: Gael convida Br\u00e1ulio e L\u00facio para trabalhar com Elisa"},"content":{"rendered":"<p><img loading=\"lazy\" decoding=\"async\" class=\"aligncenter size-large wp-image-181127\" src=\"https:\/\/migracao.redenoticia.com.br\/noticia\/imagens\/abismo-de-paixao-sbt-resumo-327x300.jpg\" alt=\"\" width=\"327\" height=\"300\" srcset=\"https:\/\/migracao.redenoticia.com.br\/noticia\/imagens\/abismo-de-paixao-sbt-resumo-327x300.jpg 327w, https:\/\/migracao.redenoticia.com.br\/noticia\/imagens\/abismo-de-paixao-sbt-resumo-204x187.jpg 204w, https:\/\/migracao.redenoticia.com.br\/noticia\/imagens\/abismo-de-paixao-sbt-resumo.jpg 426w\" sizes=\"auto, (max-width: 327px) 100vw, 327px\" \/><\/p>\n<p><strong><em>Resumo da novela \u201cAbismo de Paix\u00e3o\u201d<\/em><\/strong> em 27\/12: no cap\u00edtulo 089(*) da novela, sexta-feira, 27 de dezembro, Ramiro e Almerinda discutem e ela afirma que fechar\u00e1 todas as portas, de todas as processadoras, para que nenhuma compre sua produ\u00e7\u00e3o. Carmem procura Ramiro para propor que queimem o contrato de compra e venda de \u201cC\u00e9u Aberto\u201d e como pr\u00eamio, ela ser\u00e1 dele, al\u00e9m de dividir a fortuna, Ramiro aceita. Na igreja, Gael comenta com Padre Lupe que planeja casar se no \u00faltimo s\u00e1bado antes de que ele parta do povoado, Lupe responde que j\u00e1 casar\u00e1 Dami\u00e3o nesta data e que eles mudem o dia. Gael se nega a mudar, dizendo que seu casamento \u00e9 t\u00e3o importante quanto o de Dami\u00e3o. Na fazenda de Ramiro, Sabrina fica muito mal e Vicente, assustado, a leva ao posto de sa\u00fade. No posto avisam Edmundo que compare\u00e7a imediatamente ao posto, pois sua filha acaba de chegar.<\/p>\n<p>Ramona suspeita que Paloma esteja gr\u00e1vida, mas prefere n\u00e3o dizer sobre sua suspeita. Gael pede a Paloma que n\u00e3o diga nada a Elisa do que ocorreu entre eles, Paloma promete que n\u00e3o dir\u00e1 nada. Edmundo discute com Bet\u00e2nia por Sabrina, j\u00e1 que ela ficou mal em consequ\u00eancia dos ch\u00e1s que obrigava a filha a tomar. L\u00facio tranquiliza Elisa, dizendo que as contas que Augusto deixou no banco s\u00e3o o suficiente para solucionar todos os seus problemas. Carmem visita Ramiro para pedir que ele quebre o compromisso de contrato de venda que assinou Augusto, pois a quantia a ser paga \u00e9 muito pouca, e em troca, ela ser\u00e1 sua mulher, Ramiro aceita. Ingrid fica furiosa, pois Ramiro n\u00e3o d\u00e1 not\u00edcias. Ramiro chega e comenta com Ingrid que fez um trato com Carmem e que ir\u00e3o repartir em 50% a 50% a renda de \u201cC\u00e9u Aberto\u201d. Gael convida Br\u00e1ulio e L\u00facio para trabalhar com Elisa, e eles aceitam.<\/p>\n<p>(*) edi\u00e7\u00e3o do SBT, Novela \u201cAbismo de Paix\u00e3o\u201d, sujeito a altera\u00e7\u00e3o de data e conte\u00fado.<\/p>\n<p>&#8220;Abismo de Paix\u00e3o&#8221;- Augusto Casta\u00f1\u00f3n (Alejandro Camacho) e Estef\u00e2nia Bouvier de Casta\u00f1\u00f3n (Ludwika Paleta) s\u00e3o pais de Elisa (Angelique Boyer). Com eles vive Carmen Bouvier (Sabine Moussier), irm\u00e3 mais velha de Estef\u00e2nia e que vai fugir do povoado com Rog\u00e9rio Arango (C\u00e9sar \u00c9vora), esposo de Almerinda Arango (Blanca Guerra) e pai de Dami\u00e3o (David Zepeda), melhor amigo de Elisa. Almerinda descobre e alerta a Augusto.<\/p>\n<p>Por sua parte, Estef\u00e2nia tenta impedir Rog\u00e9rio a n\u00e3o abandonar sua fam\u00edlia, mas devido ao intemp\u00e9rie da chuva, ambos morrem em um acidente de carro. Carmem aproveita o fato para fazer Augusto acreditar que sua esposa era infiel. Augusto, por despeito, casa-se com Carmem, apesar de n\u00e3o estar apaixonado por ela e nem am\u00e1-la. Carmem est\u00e1 gr\u00e1vida de Rog\u00e9rio, mas mente para Augusto, dizendo que o filho \u00e9 dele. <\/p>\n<p>Querendo bater em Elisa, Carmem escorrega e cai na piscina da casa, causando morte s\u00fabita ao beb\u00ea. Por sua parte, Almerinda decide mandar a Dami\u00e3o para fora do povoado a estudar para separ\u00e1-lo de Elisa de quem \u00e9 muito amigo, amizade que ela n\u00e3o v\u00ea com bons olhos, ap\u00f3s inocentemente os dois fugirem juntos.<\/p>\n","protected":false},"excerpt":{"rendered":"<p>Resumo da novela \u201cAbismo de Paix\u00e3o\u201d em 27\/12: no cap\u00edtulo 089(*) da novela, sexta-feira, 27 de dezembro, Ramiro e Almerinda discutem e ela afirma que fechar\u00e1 todas as portas, de todas as processadoras, para que nenhuma compre sua produ\u00e7\u00e3o. Carmem procura Ramiro para propor que queimem o contrato de compra e venda de \u201cC\u00e9u Aberto\u201d [&hellip;]<\/p>\n","protected":false},"author":4,"featured_media":181126,"comment_status":"open","ping_status":"closed","sticky":false,"template":"","format":"standard","meta":{"tdm_status":"","tdm_grid_status":"","footnotes":""},"categories":[379,372,343],"tags":[441],"class_list":{"0":"post-186552","1":"post","2":"type-post","3":"status-publish","4":"format-standard","5":"has-post-thumbnail","7":"category-novelas","8":"category-sbt","9":"category-televisao","10":"tag-resumo-do-dia"},"_links":{"self":[{"href":"https:\/\/migracao.redenoticia.com.br\/noticia\/wp-json\/wp\/v2\/posts\/186552","targetHints":{"allow":["GET"]}}],"collection":[{"href":"https:\/\/migracao.redenoticia.com.br\/noticia\/wp-json\/wp\/v2\/posts"}],"about":[{"href":"https:\/\/migracao.redenoticia.com.br\/noticia\/wp-json\/wp\/v2\/types\/post"}],"author":[{"embeddable":true,"href":"https:\/\/migracao.redenoticia.com.br\/noticia\/wp-json\/wp\/v2\/users\/4"}],"replies":[{"embeddable":true,"href":"https:\/\/migracao.redenoticia.com.br\/noticia\/wp-json\/wp\/v2\/comments?post=186552"}],"version-history":[{"count":0,"href":"https:\/\/migracao.redenoticia.com.br\/noticia\/wp-json\/wp\/v2\/posts\/186552\/revisions"}],"wp:featuredmedia":[{"embeddable":true,"href":"https:\/\/migracao.redenoticia.com.br\/noticia\/wp-json\/wp\/v2\/media\/181126"}],"wp:attachment":[{"href":"https:\/\/migracao.redenoticia.com.br\/noticia\/wp-json\/wp\/v2\/media?parent=186552"}],"wp:term":[{"taxonomy":"category","embeddable":true,"href":"https:\/\/migracao.redenoticia.com.br\/noticia\/wp-json\/wp\/v2\/categories?post=186552"},{"taxonomy":"post_tag","embeddable":true,"href":"https:\/\/migracao.redenoticia.com.br\/noticia\/wp-json\/wp\/v2\/tags?post=186552"}],"curies":[{"name":"wp","href":"https:\/\/api.w.org\/{rel}","templated":true}]}}