{"id":186715,"date":"2020-01-05T14:09:43","date_gmt":"2020-01-05T17:09:43","guid":{"rendered":"https:\/\/www.redenoticia.com.br\/noticia\/?p=186715"},"modified":"2020-01-05T14:22:08","modified_gmt":"2020-01-05T17:22:08","slug":"novela-eramos-seis-emilia-atende-pedido-de-lola-e-prejudica-alfredo","status":"publish","type":"post","link":"https:\/\/migracao.redenoticia.com.br\/noticia\/2020\/novela-eramos-seis-emilia-atende-pedido-de-lola-e-prejudica-alfredo\/186715","title":{"rendered":"Novela \u201c\u00c9ramos Seis\u201d: Em\u00edlia atende pedido de Lola e prejudica Alfredo"},"content":{"rendered":"<p><img loading=\"lazy\" decoding=\"async\" src=\"https:\/\/migracao.redenoticia.com.br\/noticia\/imagens\/eramos-seis-resumo-noticia-novela-02-300x300.jpg\" alt=\"\" width=\"300\" height=\"300\" class=\"aligncenter size-large wp-image-182542\" srcset=\"https:\/\/migracao.redenoticia.com.br\/noticia\/imagens\/eramos-seis-resumo-noticia-novela-02-300x300.jpg 300w, https:\/\/migracao.redenoticia.com.br\/noticia\/imagens\/eramos-seis-resumo-noticia-novela-02-187x187.jpg 187w, https:\/\/migracao.redenoticia.com.br\/noticia\/imagens\/eramos-seis-resumo-noticia-novela-02.jpg 524w\" sizes=\"auto, (max-width: 300px) 100vw, 300px\" \/> <strong><em>Novela \u201c\u00c9ramos Seis\u201d:<\/em><\/strong> Carlos (Danilo Mesquita) conta para Lola (Gloria Pires) que trancou a faculdade de Medicina para procurar um trabalho que o permita sustentar a fam\u00edlia. Ele ignora os protestos da m\u00e3e e da namorada, mas sofre ao ser rejeitado em entrevistas por n\u00e3o ter experi\u00eancia. Lola resolve pedir ajuda para Em\u00edlia (Susana Vieira): &#8220;Dif\u00edcil falar assim, porque n\u00f3s sempre temos algo a pedir, \u00e9 verdade. \u00c9 que o Carlos decidiu largar a faculdade. Apesar de eu n\u00e3o gostar da ideia, ele quis e tem procurado emprego sem sucesso&#8221;. <\/p>\n<p>Em\u00edlia diz: &#8220;Quer que eu arranje uma coloca\u00e7\u00e3o para o Carlos, n\u00e3o \u00e9? Posso falar com meu gerente de banco. Ele me deve favores. \u00c9 isso que quer? &#8230; Este \u00e9 o pa\u00eds da peixada. Parente de peixe, peixinho \u00e9. Vou conseguir o que pede. Mas n\u00e3o esque\u00e7a que assim como dou\u2026 Tiro! Nossas rela\u00e7\u00f5es se mant\u00eam boas e espero que continuem assim com a dist\u00e2ncia devida entre todos os nossos filhos&#8221;. <\/p>\n<p>Logo depois, Lola fala com Alfredo (Nicolas Prattes): &#8220;Tia Em\u00edlia vai nos ajudar, sim. Mas voltou a falar sobre voc\u00eas e Adelaide. Ela deixou bem claro que n\u00e3o quer que voc\u00eas se encontrem. Fiquei t\u00e3o nervosa&#8221;. Ele fica bravo: &#8220;E eu vou ter que abrir m\u00e3o da Adelaide para o Carlos conseguir um emprego? Essa \u00e9 boa. Vou ter que cair numa chantagem por ele?&#8221;. Cena prevista para dia 07 de janeiro na novela \u201c\u00c9ramos Seis\u201d.<\/p>\n<p>\u201c\u00c9ramos Seis\u201d: Casada com J\u00falio (Antonio Calloni), Lola (Gloria Pires) \u00e9 uma esposa devotada e m\u00e3e de quatro filhos: Carlos (Xande Valois\/ Danilo Mesquita), o mais velho e motivo de orgulho para os pais; Alfredo (Pedro Sol\/ Nicolas Prattes), rebelde que vive se metendo em confus\u00f5es e tem ci\u00fames do irm\u00e3o; Isabel (Maju Lima\/ Giullia Buscacio), determinada e independente, \u00e9 a favorita do pai &#8211; por ser a \u00fanica filha mulher; e Julinho (Davi de Oliveira\/ Andr\u00e9 Luiz Frambach), o ca\u00e7ula da fam\u00edlia &#8211; que desde crian\u00e7a demonstra habilidade para lidar com dinheiro.<\/p>\n<p>A hist\u00f3ria come\u00e7a com Lola e J\u00falio passando sufoco para poder pagar as parcelas do casar\u00e3o que compraram em S\u00e3o Paulo. O primeiro bem do casal sai mais caro do que eles previam por causa dos alt\u00edssimos juros do financiamento banc\u00e1rio. O im\u00f3vel acaba gerando um impasse entre eles: para ela, o local \u00e9 a alma da fam\u00edlia. Para ele, um empecilho para melhorar de vida.<\/p>\n","protected":false},"excerpt":{"rendered":"<p>Novela \u201c\u00c9ramos Seis\u201d: Carlos (Danilo Mesquita) conta para Lola (Gloria Pires) que trancou a faculdade de Medicina para procurar um trabalho que o permita sustentar a fam\u00edlia. Ele ignora os protestos da m\u00e3e e da namorada, mas sofre ao ser rejeitado em entrevistas por n\u00e3o ter experi\u00eancia. Lola resolve pedir ajuda para Em\u00edlia (Susana Vieira): [&hellip;]<\/p>\n","protected":false},"author":5,"featured_media":184550,"comment_status":"open","ping_status":"closed","sticky":false,"template":"","format":"standard","meta":{"tdm_status":"","tdm_grid_status":"","footnotes":""},"categories":[388,548,379,375,343],"tags":[440],"class_list":{"0":"post-186715","1":"post","2":"type-post","3":"status-publish","4":"format-standard","5":"has-post-thumbnail","7":"category-destaques","8":"category-eramos-seis","9":"category-novelas","10":"category-rede-globo","11":"category-televisao","12":"tag-noticia-novela"},"_links":{"self":[{"href":"https:\/\/migracao.redenoticia.com.br\/noticia\/wp-json\/wp\/v2\/posts\/186715","targetHints":{"allow":["GET"]}}],"collection":[{"href":"https:\/\/migracao.redenoticia.com.br\/noticia\/wp-json\/wp\/v2\/posts"}],"about":[{"href":"https:\/\/migracao.redenoticia.com.br\/noticia\/wp-json\/wp\/v2\/types\/post"}],"author":[{"embeddable":true,"href":"https:\/\/migracao.redenoticia.com.br\/noticia\/wp-json\/wp\/v2\/users\/5"}],"replies":[{"embeddable":true,"href":"https:\/\/migracao.redenoticia.com.br\/noticia\/wp-json\/wp\/v2\/comments?post=186715"}],"version-history":[{"count":0,"href":"https:\/\/migracao.redenoticia.com.br\/noticia\/wp-json\/wp\/v2\/posts\/186715\/revisions"}],"wp:featuredmedia":[{"embeddable":true,"href":"https:\/\/migracao.redenoticia.com.br\/noticia\/wp-json\/wp\/v2\/media\/184550"}],"wp:attachment":[{"href":"https:\/\/migracao.redenoticia.com.br\/noticia\/wp-json\/wp\/v2\/media?parent=186715"}],"wp:term":[{"taxonomy":"category","embeddable":true,"href":"https:\/\/migracao.redenoticia.com.br\/noticia\/wp-json\/wp\/v2\/categories?post=186715"},{"taxonomy":"post_tag","embeddable":true,"href":"https:\/\/migracao.redenoticia.com.br\/noticia\/wp-json\/wp\/v2\/tags?post=186715"}],"curies":[{"name":"wp","href":"https:\/\/api.w.org\/{rel}","templated":true}]}}