{"id":186716,"date":"2020-01-18T21:16:43","date_gmt":"2020-01-19T00:16:43","guid":{"rendered":"https:\/\/www.redenoticia.com.br\/noticia\/?p=186716"},"modified":"2020-01-18T21:20:34","modified_gmt":"2020-01-19T00:20:34","slug":"novela-bom-sucesso-sofia-organiza-festa-para-despedida-de-alberto","status":"publish","type":"post","link":"https:\/\/migracao.redenoticia.com.br\/noticia\/2020\/novela-bom-sucesso-sofia-organiza-festa-para-despedida-de-alberto\/186716","title":{"rendered":"Novela \u201cBom Sucesso\u201d: Sofia organiza festa para despedida de Alberto"},"content":{"rendered":"<p><img loading=\"lazy\" decoding=\"async\" src=\"https:\/\/migracao.redenoticia.com.br\/noticia\/imagens\/Bom-Sucesso-resumo-novela-00-300x300.jpg\" alt=\"\" width=\"300\" height=\"300\" class=\"aligncenter size-large wp-image-179426\" srcset=\"https:\/\/migracao.redenoticia.com.br\/noticia\/imagens\/Bom-Sucesso-resumo-novela-00-300x300.jpg 300w, https:\/\/migracao.redenoticia.com.br\/noticia\/imagens\/Bom-Sucesso-resumo-novela-00-187x187.jpg 187w, https:\/\/migracao.redenoticia.com.br\/noticia\/imagens\/Bom-Sucesso-resumo-novela-00.jpg 666w\" sizes=\"auto, (max-width: 300px) 100vw, 300px\" \/> <strong><em>Novela \u201cBom Sucesso\u201d:<\/em><\/strong> Alberto (Antonio Fagundes) piora e Mauri (Jorge Lucas) adverte: &#8220;Voc\u00ea est\u00e1 com uma les\u00e3o no pulm\u00e3o, o que n\u00e3o \u00e9 nenhuma surpresa. Eu vou ter que te internar para fazer uma broncoscopia&#8221;. Alberto reclama: &#8220;Para que isso, Mauri? Que perda de tempo! N\u00e3o \u00e9 melhor voc\u00ea me deixar morrer quieto no meu canto?&#8221;. O m\u00e9dico diz que \u00e9 melhor evitar uma infec\u00e7\u00e3o respirat\u00f3ria.<\/p>\n<p>Sofia (Valentina Vieira) ouve a conversa e Alberto diz: &#8220;Soss\u00f4, \u00e9 normal que as pessoas fiquem tristes quando algu\u00e9m vai embora, mas eu ainda estou aqui e quero ver voc\u00ea sorrir&#8221;. Ele pede que ela organize uma grande festa de despedida. No dia do evento, Alberto leva os convidados para a biblioteca: &#8220;Essa \u00e9 a catedral, onde os deuses da arte e da ci\u00eancia repousam, esperando que sejam chamados para que o pobre homem, que padece da ignor\u00e2ncia e da estupidez, seja iluminado pelo saber&#8221;. Cena prevista para janeiro na novela \u201cBom Sucesso\u201d.<\/p>\n<p>\u201cBom Sucesso\u201d: a novela trata do valor de cada minuto da vida e traz a mensagem de perseveran\u00e7a, f\u00e9 e garra. Escrita por Rosane Svartman e Paulo Halm e com dire\u00e7\u00e3o art\u00edstica de Luiz Henrique Rios, a sucessora de Ver\u00e3o 90 apresenta a hist\u00f3ria de Paloma (Grazi Massafera), uma mulher determinada, sonhadora e com uma f\u00e9 inabal\u00e1vel.<\/p>\n<p>Costureira, ela trabalha e cria tr\u00eas filhos sozinha. Mora no bairro de Bonsucesso, no sub\u00farbio do Rio de Janeiro, e ama frequentar a quadra da escola de samba da regi\u00e3o, a Unidos de Bom Sucesso. Apesar da dura rotina, Paloma consegue manter uma grande paix\u00e3o: a leitura. E, ao mergulhar no universo dos livros, se transporta para os mundos fant\u00e1sticos que as hist\u00f3rias proporcionam.<\/p>\n","protected":false},"excerpt":{"rendered":"<p>Novela \u201cBom Sucesso\u201d: Alberto (Antonio Fagundes) piora e Mauri (Jorge Lucas) adverte: &#8220;Voc\u00ea est\u00e1 com uma les\u00e3o no pulm\u00e3o, o que n\u00e3o \u00e9 nenhuma surpresa. Eu vou ter que te internar para fazer uma broncoscopia&#8221;. Alberto reclama: &#8220;Para que isso, Mauri? Que perda de tempo! N\u00e3o \u00e9 melhor voc\u00ea me deixar morrer quieto no meu [&hellip;]<\/p>\n","protected":false},"author":5,"featured_media":179430,"comment_status":"open","ping_status":"closed","sticky":false,"template":"","format":"standard","meta":{"tdm_status":"","tdm_grid_status":"","footnotes":""},"categories":[546,388,379,375,343],"tags":[440],"class_list":{"0":"post-186716","1":"post","2":"type-post","3":"status-publish","4":"format-standard","5":"has-post-thumbnail","7":"category-bom-sucesso","8":"category-destaques","9":"category-novelas","10":"category-rede-globo","11":"category-televisao","12":"tag-noticia-novela"},"_links":{"self":[{"href":"https:\/\/migracao.redenoticia.com.br\/noticia\/wp-json\/wp\/v2\/posts\/186716","targetHints":{"allow":["GET"]}}],"collection":[{"href":"https:\/\/migracao.redenoticia.com.br\/noticia\/wp-json\/wp\/v2\/posts"}],"about":[{"href":"https:\/\/migracao.redenoticia.com.br\/noticia\/wp-json\/wp\/v2\/types\/post"}],"author":[{"embeddable":true,"href":"https:\/\/migracao.redenoticia.com.br\/noticia\/wp-json\/wp\/v2\/users\/5"}],"replies":[{"embeddable":true,"href":"https:\/\/migracao.redenoticia.com.br\/noticia\/wp-json\/wp\/v2\/comments?post=186716"}],"version-history":[{"count":0,"href":"https:\/\/migracao.redenoticia.com.br\/noticia\/wp-json\/wp\/v2\/posts\/186716\/revisions"}],"wp:featuredmedia":[{"embeddable":true,"href":"https:\/\/migracao.redenoticia.com.br\/noticia\/wp-json\/wp\/v2\/media\/179430"}],"wp:attachment":[{"href":"https:\/\/migracao.redenoticia.com.br\/noticia\/wp-json\/wp\/v2\/media?parent=186716"}],"wp:term":[{"taxonomy":"category","embeddable":true,"href":"https:\/\/migracao.redenoticia.com.br\/noticia\/wp-json\/wp\/v2\/categories?post=186716"},{"taxonomy":"post_tag","embeddable":true,"href":"https:\/\/migracao.redenoticia.com.br\/noticia\/wp-json\/wp\/v2\/tags?post=186716"}],"curies":[{"name":"wp","href":"https:\/\/api.w.org\/{rel}","templated":true}]}}