{"id":186741,"date":"2020-01-02T12:53:50","date_gmt":"2020-01-02T15:53:50","guid":{"rendered":"https:\/\/www.redenoticia.com.br\/noticia\/?p=186741"},"modified":"2020-01-02T12:53:50","modified_gmt":"2020-01-02T15:53:50","slug":"resumo-novela-meu-coracao-e-teu-03-01-fernando-pede-a-ana-que-volte-a-viver-na-mansao","status":"publish","type":"post","link":"https:\/\/migracao.redenoticia.com.br\/noticia\/2020\/resumo-novela-meu-coracao-e-teu-03-01-fernando-pede-a-ana-que-volte-a-viver-na-mansao\/186741","title":{"rendered":"Resumo novela \u201cMeu Cora\u00e7\u00e3o \u00e9 Teu\u201d 03\/01: Fernando pede a Ana que volte a viver na mans\u00e3o"},"content":{"rendered":"<p><img loading=\"lazy\" decoding=\"async\" src=\"https:\/\/migracao.redenoticia.com.br\/noticia\/imagens\/meu-coracao-e-teu-300x300.jpg\" alt=\"\" width=\"300\" height=\"300\" class=\"aligncenter size-large wp-image-183929\" srcset=\"https:\/\/migracao.redenoticia.com.br\/noticia\/imagens\/meu-coracao-e-teu-300x300.jpg 300w, https:\/\/migracao.redenoticia.com.br\/noticia\/imagens\/meu-coracao-e-teu-187x187.jpg 187w, https:\/\/migracao.redenoticia.com.br\/noticia\/imagens\/meu-coracao-e-teu-150x150.jpg 150w, https:\/\/migracao.redenoticia.com.br\/noticia\/imagens\/meu-coracao-e-teu-140x140.jpg 140w, https:\/\/migracao.redenoticia.com.br\/noticia\/imagens\/meu-coracao-e-teu-85x85.jpg 85w, https:\/\/migracao.redenoticia.com.br\/noticia\/imagens\/meu-coracao-e-teu.jpg 500w\" sizes=\"auto, (max-width: 300px) 100vw, 300px\" \/><\/p>\n<p><strong><em>Resumo da novela \u201cMeu Cora\u00e7\u00e3o \u00e9 Teu\u201d<\/em><\/strong> em 03\/01: no cap\u00edtulo 045(*) da novela, sexta-feira, 03 de janeiro, os g\u00eameos colocam bigodes em Isabela, enquanto ela dorme, para se vingarem do ela fez com seus cadernos. Isabela acorda e fica furiosa, descontando sua ira em Sebasti\u00e3o. Sebasti\u00e3o chora copiosamente e pede a Ana que v\u00e1 v\u00ea-lo. Paulina abandona Helena no hospital e volta para a Europa. Antes ela diz \u00e0 filha que Nando nunca a amar\u00e1, pois ela est\u00e1 louca. Henrique leva Fanny a sua casa e tenta conquist\u00e1-la. Ana diz a Jennifer que o vestido que fez para a festa de quinze anos de Alicia ficou muito bonito.<\/p>\n<p>Nicolas fala com Johnny sobre o que sente por Jennifer. Sebasti\u00e3o conta a Ana tudo o que Isabela lhe disse. Ana fica furiosa. Henrique diz a Fernando que sua fam\u00edlia \u00e9 como a dele, pois tamb\u00e9m s\u00f3 tem seu pai. O que Fernando n\u00e3o sabe \u00e9 que Henrique acredita que seu pai est\u00e1 doente por culpa de Fernando e deseja vingan\u00e7a. Ana confronta Isabela pelo que ela fez a Sebasti\u00e3o. Ana fala que dir\u00e1 tudo a Fernando, mas Sebasti\u00e3o a impede, pois o trabalho da bab\u00e1 estaria em jogo. Ana o diz que tudo que a importa \u00e9 que as crian\u00e7as estejam bem. Nicolas est\u00e1 preocupado de perder Jennifer por n\u00e3o poder formar uma fam\u00edlia com ela. Bruno rouba brinquedos quebrados das crian\u00e7as. Ana sonha que tem que escolher entre Fernando e Diego para se casar e ao final fica sem nenhum dos dois. Luz adoece durante a noite. Fernando tenta ajud\u00e1-la, mas ao ver que n\u00e3o consegue chama Ana, que chega rapidamente e faz Luz se sentir melhor.<\/p>\n<p>Isabela confessa a Yolanda que est\u00e1 farta das crian\u00e7as. Nicolas diz a Jennifer que vai cancelar o casamento por ser velho demais para formar fam\u00edlia e adotar uma crian\u00e7a. Fernando entra no quarto de Ana e a pede que volte a viver na mans\u00e3o para ficar pr\u00f3xima \u00e0s crian\u00e7as. Luz fica muito feliz ao saber que Ana voltar\u00e1 a viver com ela. Bruno tamb\u00e9m se alegra. Ana pede a Fernando que leve Sebasti\u00e3o ao psic\u00f3logo e ele agradece Ana por seus bons conselhos. Henrique e Isabela s\u00e3o amantes. Henrique vive no mesmo edif\u00edcio que Diego Lascurain. Ana passa pelo quarto de Yolanda e a ouve cantar a mesma can\u00e7\u00e3o que sua m\u00e3e cantava.<\/p>\n<p>(*) edi\u00e7\u00e3o do SBT, Novela \u201cMeu Cora\u00e7\u00e3o \u00e9 Teu\u201d, sujeito a altera\u00e7\u00e3o de data e conte\u00fado.<\/p>\n<p>Novela \u201cMeu Cora\u00e7\u00e3o \u00e9 Teu\u201d: Ana Leal \u00e9 uma mulher alegre e otimista. Um desastre destr\u00f3i sua casa e Ana perde tudo o que tem. Fernando Lascur\u00e1in, um prestigiado empres\u00e1rio que se lembra com tristeza que h\u00e1 um ano morreu sua esposa. Fernando \u00e9 o pai de sete filhos: Fanny de 19 anos, Nando de 17 anos, Alicia de 14 anos, Sebasti\u00e3o de 11 anos, os g\u00eameos Alex e Guille de 8 anos e a pequena Luz de 4 anos. Estes sete \u201cpequenos\u201d se encarregaram de fazer a vida de dezenas de bab\u00e1s imposs\u00edvel, mas Fernando precisa urgentemente de uma bab\u00e1 que cuide de seus filhos.<\/p>\n<p>As necessidades e a vontade de se superar, levam Ana a buscar outro trabalho. Sua falta de experi\u00eancia, e sua educa\u00e7\u00e3o prec\u00e1ria complicam o processo de ela encontrar um trabalho est\u00e1vel. Mas o destino tem algo preparado a ela: por uma confus\u00e3o, Ana termina chegando \u00e0 mans\u00e3o Lascur\u00e1in sem saber que l\u00e1 encontrar\u00e1 tudo o que sempre sonhou.<\/p>\n","protected":false},"excerpt":{"rendered":"<p>Resumo da novela \u201cMeu Cora\u00e7\u00e3o \u00e9 Teu\u201d em 03\/01: no cap\u00edtulo 045(*) da novela, sexta-feira, 03 de janeiro, os g\u00eameos colocam bigodes em Isabela, enquanto ela dorme, para se vingarem do ela fez com seus cadernos. Isabela acorda e fica furiosa, descontando sua ira em Sebasti\u00e3o. Sebasti\u00e3o chora copiosamente e pede a Ana que v\u00e1 [&hellip;]<\/p>\n","protected":false},"author":4,"featured_media":183928,"comment_status":"open","ping_status":"closed","sticky":false,"template":"","format":"standard","meta":{"tdm_status":"","tdm_grid_status":"","footnotes":""},"categories":[379,372,343],"tags":[441],"class_list":{"0":"post-186741","1":"post","2":"type-post","3":"status-publish","4":"format-standard","5":"has-post-thumbnail","7":"category-novelas","8":"category-sbt","9":"category-televisao","10":"tag-resumo-do-dia"},"_links":{"self":[{"href":"https:\/\/migracao.redenoticia.com.br\/noticia\/wp-json\/wp\/v2\/posts\/186741","targetHints":{"allow":["GET"]}}],"collection":[{"href":"https:\/\/migracao.redenoticia.com.br\/noticia\/wp-json\/wp\/v2\/posts"}],"about":[{"href":"https:\/\/migracao.redenoticia.com.br\/noticia\/wp-json\/wp\/v2\/types\/post"}],"author":[{"embeddable":true,"href":"https:\/\/migracao.redenoticia.com.br\/noticia\/wp-json\/wp\/v2\/users\/4"}],"replies":[{"embeddable":true,"href":"https:\/\/migracao.redenoticia.com.br\/noticia\/wp-json\/wp\/v2\/comments?post=186741"}],"version-history":[{"count":0,"href":"https:\/\/migracao.redenoticia.com.br\/noticia\/wp-json\/wp\/v2\/posts\/186741\/revisions"}],"wp:featuredmedia":[{"embeddable":true,"href":"https:\/\/migracao.redenoticia.com.br\/noticia\/wp-json\/wp\/v2\/media\/183928"}],"wp:attachment":[{"href":"https:\/\/migracao.redenoticia.com.br\/noticia\/wp-json\/wp\/v2\/media?parent=186741"}],"wp:term":[{"taxonomy":"category","embeddable":true,"href":"https:\/\/migracao.redenoticia.com.br\/noticia\/wp-json\/wp\/v2\/categories?post=186741"},{"taxonomy":"post_tag","embeddable":true,"href":"https:\/\/migracao.redenoticia.com.br\/noticia\/wp-json\/wp\/v2\/tags?post=186741"}],"curies":[{"name":"wp","href":"https:\/\/api.w.org\/{rel}","templated":true}]}}