{"id":186743,"date":"2020-01-02T12:55:32","date_gmt":"2020-01-02T15:55:32","guid":{"rendered":"https:\/\/www.redenoticia.com.br\/noticia\/?p=186743"},"modified":"2020-01-02T12:55:32","modified_gmt":"2020-01-02T15:55:32","slug":"resumo-novela-as-aventuras-de-poliana-03-01-ester-quer-escutar-o-coracao-de-poliana","status":"publish","type":"post","link":"https:\/\/migracao.redenoticia.com.br\/noticia\/2020\/resumo-novela-as-aventuras-de-poliana-03-01-ester-quer-escutar-o-coracao-de-poliana\/186743","title":{"rendered":"Resumo novela \u201cAs Aventuras de Poliana\u201d 03\/01: Ester quer escutar o cora\u00e7\u00e3o de Poliana"},"content":{"rendered":"<p><img loading=\"lazy\" decoding=\"async\" class=\"aligncenter size-large wp-image-148662\" src=\"https:\/\/migracao.redenoticia.com.br\/noticia\/imagens\/as-aventuras-de-poliana-novela-400x267.jpg\" alt=\"\" width=\"400\" height=\"267\" srcset=\"https:\/\/migracao.redenoticia.com.br\/noticia\/imagens\/as-aventuras-de-poliana-novela-400x267.jpg 400w, https:\/\/migracao.redenoticia.com.br\/noticia\/imagens\/as-aventuras-de-poliana-novela-250x167.jpg 250w, https:\/\/migracao.redenoticia.com.br\/noticia\/imagens\/as-aventuras-de-poliana-novela-150x100.jpg 150w, https:\/\/migracao.redenoticia.com.br\/noticia\/imagens\/as-aventuras-de-poliana-novela.jpg 600w\" sizes=\"auto, (max-width: 400px) 100vw, 400px\" \/><\/p>\n<p><strong><em>Resumo novela \u201cAs Aventuras de Poliana\u201d 03\/01<\/em><\/strong>: no cap\u00edtulo 428(*) da novela, sexta-feira, 03 de janeiro, S\u00e9rgio vai at\u00e9 a casa de Pendleton pedir que ele tome uma atitude quanto as mudan\u00e7as que est\u00e3o sendo feitas no Vetherna. Gleyce pede para Jeff ser tolerante com Mosquito por acreditar que ele realmente esteja tentando mudar. Raquel fica chateada por sua ideia ter sido roubada. Ester pede para escutar o cora\u00e7\u00e3o de Poliana. O projeto \u201cGera\u00e7\u00e3o O11O\u201d \u00e9 lan\u00e7ado e os jovens come\u00e7am a se inscrever em busca de um est\u00e1gio na empresa.<\/p>\n<p>Luisa aceita o convite e vai jantar com Pendleton, Poliana e Ester. Marcelo v\u00ea a ex namorada saindo com Pendleton. Waldisney tatua o nome de Nanci no peito. D\u00e9bora n\u00e3o aprova a aproxima\u00e7\u00e3o entre Nadine e Marcelo. O resultado dos exames que Gl\u00f3ria foi fazer no exterior ficam prontos. Lindomar conta para o filho que a fam\u00edlia ir\u00e1 se mudar. Sophie e Iure encontram Pendleton, Luisa, Poliana e Ester no restaurante.<\/p>\n<p>(*) edi\u00e7\u00e3o do SBT, Novela \u201cAs Aventuras de Poliana\u201d, sujeito a altera\u00e7\u00e3o de data e conte\u00fado.<\/p>\n<p>\u201cAs Aventuras de Poliana\u201d &#8211; Poliana \u00e9 uma menina extrovertida e de bom cora\u00e7\u00e3o que viajava o Brasil com seus pais, Lorenzo e Alice, no grupo circense Trupe Vagalume. Aos onze anos a garota v\u00ea seu mundo desabar quando seus pais falecem e ela tem que ir morar em S\u00e3o Paulo com sua tia Lu\u00edsa, uma mulher rica e severa, a qual ela n\u00e3o conhecia e que n\u00e3o queria cuidar dela, embora sinta que \u00e9 sua obriga\u00e7\u00e3o pela alma de sua irm\u00e3. <\/p>\n<p>Apesar do jeito da rigidez da tia, Poliana decide ter uma vis\u00e3o positiva e inabal\u00e1vel da vida, mesmo nos momentos de dificuldade, tentando levar um pouco de felicidade para a vida de cada um dos seus novos amigos e vizinhos, como o Sr. Pendleton, um homem rico e infeliz por nunca ter tido filhos. Ela vai estudar no col\u00e9gio de Ruth, uma diretora de bom cora\u00e7\u00e3o que a ajuda a se adaptar, mas tem que lidar com as vilanias de Mirela, garota mais velha que n\u00e3o aceita perder a popularidade para uma novata.<\/p>\n","protected":false},"excerpt":{"rendered":"<p>Resumo novela \u201cAs Aventuras de Poliana\u201d 03\/01: no cap\u00edtulo 428(*) da novela, sexta-feira, 03 de janeiro, S\u00e9rgio vai at\u00e9 a casa de Pendleton pedir que ele tome uma atitude quanto as mudan\u00e7as que est\u00e3o sendo feitas no Vetherna. Gleyce pede para Jeff ser tolerante com Mosquito por acreditar que ele realmente esteja tentando mudar. Raquel [&hellip;]<\/p>\n","protected":false},"author":4,"featured_media":148663,"comment_status":"open","ping_status":"closed","sticky":false,"template":"","format":"standard","meta":{"tdm_status":"","tdm_grid_status":"","footnotes":""},"categories":[477,379,372,343],"tags":[441],"class_list":{"0":"post-186743","1":"post","2":"type-post","3":"status-publish","4":"format-standard","5":"has-post-thumbnail","7":"category-as-aventuras-de-poliana","8":"category-novelas","9":"category-sbt","10":"category-televisao","11":"tag-resumo-do-dia"},"_links":{"self":[{"href":"https:\/\/migracao.redenoticia.com.br\/noticia\/wp-json\/wp\/v2\/posts\/186743","targetHints":{"allow":["GET"]}}],"collection":[{"href":"https:\/\/migracao.redenoticia.com.br\/noticia\/wp-json\/wp\/v2\/posts"}],"about":[{"href":"https:\/\/migracao.redenoticia.com.br\/noticia\/wp-json\/wp\/v2\/types\/post"}],"author":[{"embeddable":true,"href":"https:\/\/migracao.redenoticia.com.br\/noticia\/wp-json\/wp\/v2\/users\/4"}],"replies":[{"embeddable":true,"href":"https:\/\/migracao.redenoticia.com.br\/noticia\/wp-json\/wp\/v2\/comments?post=186743"}],"version-history":[{"count":0,"href":"https:\/\/migracao.redenoticia.com.br\/noticia\/wp-json\/wp\/v2\/posts\/186743\/revisions"}],"wp:featuredmedia":[{"embeddable":true,"href":"https:\/\/migracao.redenoticia.com.br\/noticia\/wp-json\/wp\/v2\/media\/148663"}],"wp:attachment":[{"href":"https:\/\/migracao.redenoticia.com.br\/noticia\/wp-json\/wp\/v2\/media?parent=186743"}],"wp:term":[{"taxonomy":"category","embeddable":true,"href":"https:\/\/migracao.redenoticia.com.br\/noticia\/wp-json\/wp\/v2\/categories?post=186743"},{"taxonomy":"post_tag","embeddable":true,"href":"https:\/\/migracao.redenoticia.com.br\/noticia\/wp-json\/wp\/v2\/tags?post=186743"}],"curies":[{"name":"wp","href":"https:\/\/api.w.org\/{rel}","templated":true}]}}