{"id":186863,"date":"2020-01-06T13:27:46","date_gmt":"2020-01-06T16:27:46","guid":{"rendered":"https:\/\/www.redenoticia.com.br\/noticia\/?p=186863"},"modified":"2020-01-06T13:27:46","modified_gmt":"2020-01-06T16:27:46","slug":"resumo-novela-abismo-de-paixao-07-01-ingrid-atira-em-ramiro","status":"publish","type":"post","link":"https:\/\/migracao.redenoticia.com.br\/noticia\/2020\/resumo-novela-abismo-de-paixao-07-01-ingrid-atira-em-ramiro\/186863","title":{"rendered":"Resumo novela \u201cAbismo de Paix\u00e3o\u201d 07\/01: Ingrid atira em Ramiro"},"content":{"rendered":"<p><img loading=\"lazy\" decoding=\"async\" class=\"aligncenter size-large wp-image-181127\" src=\"https:\/\/migracao.redenoticia.com.br\/noticia\/imagens\/abismo-de-paixao-sbt-resumo-327x300.jpg\" alt=\"\" width=\"327\" height=\"300\" srcset=\"https:\/\/migracao.redenoticia.com.br\/noticia\/imagens\/abismo-de-paixao-sbt-resumo-327x300.jpg 327w, https:\/\/migracao.redenoticia.com.br\/noticia\/imagens\/abismo-de-paixao-sbt-resumo-204x187.jpg 204w, https:\/\/migracao.redenoticia.com.br\/noticia\/imagens\/abismo-de-paixao-sbt-resumo.jpg 426w\" sizes=\"auto, (max-width: 327px) 100vw, 327px\" \/><\/p>\n<p><strong><em>Resumo da novela \u201cAbismo de Paix\u00e3o\u201d<\/em><\/strong> em 07\/01: no cap\u00edtulo 096(*) da novela, ter\u00e7a-feira, 07 de janeiro, Gael quer matar Ramiro, mas Elisa diz que ele n\u00e3o resolver\u00e1 nada com viol\u00eancia. Ingrid liga para Gael e pede que ele a ajude e esteja em sua casa no dia seguinte, ao meio dia, quando Ramiro n\u00e3o estar\u00e1 l\u00e1. Dolores fica muito nervosa, pois Elisa acompanhar\u00e1 Gael. Ela pressente que algo ruim ocorrer\u00e1. Dami\u00e3o vai atr\u00e1s de Elisa para falar com ela. Henrique pede que Edmundo o apoie em seu casamento com Paloma. Edmundo presenteia Ingrid com um anel de compromisso. Ela o agradece e pede para irem ver Paloma. Almerinda deixa claro a Ramiro que n\u00e3o o far\u00e1 mais seu s\u00f3cio. Henrique volta a pedir Paloma em casamento. Ela aceita. Ramona aconselha Paloma a pensar bem. Ingrid agradece Ramiro por seu apoio.<\/p>\n<p>Ingrid confessa a Carmem que ela tamb\u00e9m foi amante de Rog\u00e9rio Arango, mas a diferen\u00e7a \u00e9 que ela teve um filho com ele, Gael. Por isso algum dia ser\u00e1 milion\u00e1ria, j\u00e1 que tudo que Ramiro tem \u00e9 gra\u00e7as a ela. Ingrid desafia Ramiro. Elisa e Gael v\u00e3o ao consult\u00f3rio de Edmundo. Gael pergunta ao Doutor desde quando ele tem uma rela\u00e7\u00e3o com Ingrid. Ele responde que em outra ocasi\u00e3o o explicar\u00e1 tudo com calma, mas que no momento o mais importante \u00e9 resgatar Ingrid com vida da fazenda de Ramiro. Ingrid confessa a Ramiro que comprou uma certid\u00e3o de casamento falsa, e que por isso est\u00e3o casados com divis\u00e3o de bens. Assim, se ele morrer, tudo o que tem passar\u00e1 a ser dela. Ramiro a agride, ela saca um revolver e dispara contra ele.<\/p>\n<p>(*) edi\u00e7\u00e3o do SBT, Novela \u201cAbismo de Paix\u00e3o\u201d, sujeito a altera\u00e7\u00e3o de data e conte\u00fado.<\/p>\n<p>&#8220;Abismo de Paix\u00e3o&#8221;- Augusto Casta\u00f1\u00f3n (Alejandro Camacho) e Estef\u00e2nia Bouvier de Casta\u00f1\u00f3n (Ludwika Paleta) s\u00e3o pais de Elisa (Angelique Boyer). Com eles vive Carmen Bouvier (Sabine Moussier), irm\u00e3 mais velha de Estef\u00e2nia e que vai fugir do povoado com Rog\u00e9rio Arango (C\u00e9sar \u00c9vora), esposo de Almerinda Arango (Blanca Guerra) e pai de Dami\u00e3o (David Zepeda), melhor amigo de Elisa. Almerinda descobre e alerta a Augusto.<\/p>\n<p>Por sua parte, Estef\u00e2nia tenta impedir Rog\u00e9rio a n\u00e3o abandonar sua fam\u00edlia, mas devido ao intemp\u00e9rie da chuva, ambos morrem em um acidente de carro. Carmem aproveita o fato para fazer Augusto acreditar que sua esposa era infiel. Augusto, por despeito, casa-se com Carmem, apesar de n\u00e3o estar apaixonado por ela e nem am\u00e1-la. Carmem est\u00e1 gr\u00e1vida de Rog\u00e9rio, mas mente para Augusto, dizendo que o filho \u00e9 dele. <\/p>\n<p>Querendo bater em Elisa, Carmem escorrega e cai na piscina da casa, causando morte s\u00fabita ao beb\u00ea. Por sua parte, Almerinda decide mandar a Dami\u00e3o para fora do povoado a estudar para separ\u00e1-lo de Elisa de quem \u00e9 muito amigo, amizade que ela n\u00e3o v\u00ea com bons olhos, ap\u00f3s inocentemente os dois fugirem juntos.<\/p>\n","protected":false},"excerpt":{"rendered":"<p>Resumo da novela \u201cAbismo de Paix\u00e3o\u201d em 07\/01: no cap\u00edtulo 096(*) da novela, ter\u00e7a-feira, 07 de janeiro, Gael quer matar Ramiro, mas Elisa diz que ele n\u00e3o resolver\u00e1 nada com viol\u00eancia. Ingrid liga para Gael e pede que ele a ajude e esteja em sua casa no dia seguinte, ao meio dia, quando Ramiro n\u00e3o [&hellip;]<\/p>\n","protected":false},"author":4,"featured_media":181126,"comment_status":"open","ping_status":"closed","sticky":false,"template":"","format":"standard","meta":{"tdm_status":"","tdm_grid_status":"","footnotes":""},"categories":[379,372,343],"tags":[441],"class_list":{"0":"post-186863","1":"post","2":"type-post","3":"status-publish","4":"format-standard","5":"has-post-thumbnail","7":"category-novelas","8":"category-sbt","9":"category-televisao","10":"tag-resumo-do-dia"},"_links":{"self":[{"href":"https:\/\/migracao.redenoticia.com.br\/noticia\/wp-json\/wp\/v2\/posts\/186863","targetHints":{"allow":["GET"]}}],"collection":[{"href":"https:\/\/migracao.redenoticia.com.br\/noticia\/wp-json\/wp\/v2\/posts"}],"about":[{"href":"https:\/\/migracao.redenoticia.com.br\/noticia\/wp-json\/wp\/v2\/types\/post"}],"author":[{"embeddable":true,"href":"https:\/\/migracao.redenoticia.com.br\/noticia\/wp-json\/wp\/v2\/users\/4"}],"replies":[{"embeddable":true,"href":"https:\/\/migracao.redenoticia.com.br\/noticia\/wp-json\/wp\/v2\/comments?post=186863"}],"version-history":[{"count":0,"href":"https:\/\/migracao.redenoticia.com.br\/noticia\/wp-json\/wp\/v2\/posts\/186863\/revisions"}],"wp:featuredmedia":[{"embeddable":true,"href":"https:\/\/migracao.redenoticia.com.br\/noticia\/wp-json\/wp\/v2\/media\/181126"}],"wp:attachment":[{"href":"https:\/\/migracao.redenoticia.com.br\/noticia\/wp-json\/wp\/v2\/media?parent=186863"}],"wp:term":[{"taxonomy":"category","embeddable":true,"href":"https:\/\/migracao.redenoticia.com.br\/noticia\/wp-json\/wp\/v2\/categories?post=186863"},{"taxonomy":"post_tag","embeddable":true,"href":"https:\/\/migracao.redenoticia.com.br\/noticia\/wp-json\/wp\/v2\/tags?post=186863"}],"curies":[{"name":"wp","href":"https:\/\/api.w.org\/{rel}","templated":true}]}}