{"id":186865,"date":"2020-01-06T13:30:14","date_gmt":"2020-01-06T16:30:14","guid":{"rendered":"https:\/\/www.redenoticia.com.br\/noticia\/?p=186865"},"modified":"2020-01-06T13:30:14","modified_gmt":"2020-01-06T16:30:14","slug":"resumo-novela-meu-coracao-e-teu-07-01-ana-suspeita-que-yolanda-seja-sua-mae","status":"publish","type":"post","link":"https:\/\/migracao.redenoticia.com.br\/noticia\/2020\/resumo-novela-meu-coracao-e-teu-07-01-ana-suspeita-que-yolanda-seja-sua-mae\/186865","title":{"rendered":"Resumo novela \u201cMeu Cora\u00e7\u00e3o \u00e9 Teu\u201d 07\/01: Ana suspeita que Yolanda seja sua m\u00e3e"},"content":{"rendered":"<p><img loading=\"lazy\" decoding=\"async\" src=\"https:\/\/migracao.redenoticia.com.br\/noticia\/imagens\/meu-coracao-e-teu-300x300.jpg\" alt=\"\" width=\"300\" height=\"300\" class=\"aligncenter size-large wp-image-183929\" srcset=\"https:\/\/migracao.redenoticia.com.br\/noticia\/imagens\/meu-coracao-e-teu-300x300.jpg 300w, https:\/\/migracao.redenoticia.com.br\/noticia\/imagens\/meu-coracao-e-teu-187x187.jpg 187w, https:\/\/migracao.redenoticia.com.br\/noticia\/imagens\/meu-coracao-e-teu-150x150.jpg 150w, https:\/\/migracao.redenoticia.com.br\/noticia\/imagens\/meu-coracao-e-teu-140x140.jpg 140w, https:\/\/migracao.redenoticia.com.br\/noticia\/imagens\/meu-coracao-e-teu-85x85.jpg 85w, https:\/\/migracao.redenoticia.com.br\/noticia\/imagens\/meu-coracao-e-teu.jpg 500w\" sizes=\"auto, (max-width: 300px) 100vw, 300px\" \/><\/p>\n<p><strong><em>Resumo da novela \u201cMeu Cora\u00e7\u00e3o \u00e9 Teu\u201d<\/em><\/strong> em 07\/01: no cap\u00edtulo 047(*) da novela, ter\u00e7a-feira, 07 de janeiro, Ana interrompe Yolanda enquanto estava cantando. Fanny descobre o di\u00e1rio de Alicia e l\u00ea a p\u00e1gina onde ela diz estar apaixonada por Gustavo. Fanny pede a Alicia que se esque\u00e7a de Gustavo, porque ele n\u00e3o a ama. Alicia responde que n\u00e3o, pois pretende conquist\u00e1-lo na noite de sua festa de quinze anos. Henrique pretende presentear Fanny com um cavalo mas ela o rejeita. Isabela compra um vestido muito caro para os quinze anos de Alicia. Isabela e Fanny ajudam Alicia a preparar-se para sua festa. Fernando, Ana e as crian\u00e7as ensaiam para o baile surpresa de Alicia.<\/p>\n<p>Nicolas fala com Jennifer para terminar sua rela\u00e7\u00e3o com ela. Ana leva o vestido de Alicia com Luz e descobre que ela j\u00e1 tem outro, muito mais fino e elegante. Ana esconde o vestido sem que Alicia se d\u00ea conta. Fanny v\u00ea o vestido feito por Ana, e a diz que aquela pe\u00e7a pode n\u00e3o ter a finesse do outro, mas tem um imensur\u00e1vel valor sentimental. Leon vai visitar Fernando para pedir o trabalho de mensageiro novamente. Fanny n\u00e3o quer falar com Leon, mas Fernando lhe tem apre\u00e7o.<\/p>\n<p>Yolanda pede a Ana que fa\u00e7a suas unhas. Ana aproveita para question\u00e1-la e descobre in\u00fameras coincid\u00eancias entre Yolanda e sua m\u00e3e. Ana diz a Diego que suspeita que Yolanda seja sua m\u00e3e. Todos est\u00e3o se arrumando para irem a festa de Alicia. A mo\u00e7a faz sua entrada triunfal perante a fam\u00edlia. Fernando se comove ao v\u00ea-la t\u00e3o bela, pois se lembra de sua falecida esposa. A festa \u00e9 um sucesso. Alicia dan\u00e7a a valsa com Fernando e os irm\u00e3os Lascurain. Isabela acredita que teve \u00eaxito na organiza\u00e7\u00e3o da festa, at\u00e9 que toda a fam\u00edlia Lascurain, incluindo Ana, fazem uma apresenta\u00e7\u00e3o de dan\u00e7a surpresa para Alicia. Isabela se enfurece e reclama com Fernando, j\u00e1 que no final da coreografia, Ana cai em seus bra\u00e7os.<\/p>\n<p>(*) edi\u00e7\u00e3o do SBT, Novela \u201cMeu Cora\u00e7\u00e3o \u00e9 Teu\u201d, sujeito a altera\u00e7\u00e3o de data e conte\u00fado.<\/p>\n<p>Novela \u201cMeu Cora\u00e7\u00e3o \u00e9 Teu\u201d: Ana Leal \u00e9 uma mulher alegre e otimista. Um desastre destr\u00f3i sua casa e Ana perde tudo o que tem. Fernando Lascur\u00e1in, um prestigiado empres\u00e1rio que se lembra com tristeza que h\u00e1 um ano morreu sua esposa. Fernando \u00e9 o pai de sete filhos: Fanny de 19 anos, Nando de 17 anos, Alicia de 14 anos, Sebasti\u00e3o de 11 anos, os g\u00eameos Alex e Guille de 8 anos e a pequena Luz de 4 anos. Estes sete \u201cpequenos\u201d se encarregaram de fazer a vida de dezenas de bab\u00e1s imposs\u00edvel, mas Fernando precisa urgentemente de uma bab\u00e1 que cuide de seus filhos.<\/p>\n<p>As necessidades e a vontade de se superar, levam Ana a buscar outro trabalho. Sua falta de experi\u00eancia, e sua educa\u00e7\u00e3o prec\u00e1ria complicam o processo de ela encontrar um trabalho est\u00e1vel. Mas o destino tem algo preparado a ela: por uma confus\u00e3o, Ana termina chegando \u00e0 mans\u00e3o Lascur\u00e1in sem saber que l\u00e1 encontrar\u00e1 tudo o que sempre sonhou.<\/p>\n","protected":false},"excerpt":{"rendered":"<p>Resumo da novela \u201cMeu Cora\u00e7\u00e3o \u00e9 Teu\u201d em 07\/01: no cap\u00edtulo 047(*) da novela, ter\u00e7a-feira, 07 de janeiro, Ana interrompe Yolanda enquanto estava cantando. Fanny descobre o di\u00e1rio de Alicia e l\u00ea a p\u00e1gina onde ela diz estar apaixonada por Gustavo. Fanny pede a Alicia que se esque\u00e7a de Gustavo, porque ele n\u00e3o a ama. [&hellip;]<\/p>\n","protected":false},"author":4,"featured_media":183928,"comment_status":"open","ping_status":"closed","sticky":false,"template":"","format":"standard","meta":{"tdm_status":"","tdm_grid_status":"","footnotes":""},"categories":[379,372,343],"tags":[441],"class_list":{"0":"post-186865","1":"post","2":"type-post","3":"status-publish","4":"format-standard","5":"has-post-thumbnail","7":"category-novelas","8":"category-sbt","9":"category-televisao","10":"tag-resumo-do-dia"},"_links":{"self":[{"href":"https:\/\/migracao.redenoticia.com.br\/noticia\/wp-json\/wp\/v2\/posts\/186865","targetHints":{"allow":["GET"]}}],"collection":[{"href":"https:\/\/migracao.redenoticia.com.br\/noticia\/wp-json\/wp\/v2\/posts"}],"about":[{"href":"https:\/\/migracao.redenoticia.com.br\/noticia\/wp-json\/wp\/v2\/types\/post"}],"author":[{"embeddable":true,"href":"https:\/\/migracao.redenoticia.com.br\/noticia\/wp-json\/wp\/v2\/users\/4"}],"replies":[{"embeddable":true,"href":"https:\/\/migracao.redenoticia.com.br\/noticia\/wp-json\/wp\/v2\/comments?post=186865"}],"version-history":[{"count":0,"href":"https:\/\/migracao.redenoticia.com.br\/noticia\/wp-json\/wp\/v2\/posts\/186865\/revisions"}],"wp:featuredmedia":[{"embeddable":true,"href":"https:\/\/migracao.redenoticia.com.br\/noticia\/wp-json\/wp\/v2\/media\/183928"}],"wp:attachment":[{"href":"https:\/\/migracao.redenoticia.com.br\/noticia\/wp-json\/wp\/v2\/media?parent=186865"}],"wp:term":[{"taxonomy":"category","embeddable":true,"href":"https:\/\/migracao.redenoticia.com.br\/noticia\/wp-json\/wp\/v2\/categories?post=186865"},{"taxonomy":"post_tag","embeddable":true,"href":"https:\/\/migracao.redenoticia.com.br\/noticia\/wp-json\/wp\/v2\/tags?post=186865"}],"curies":[{"name":"wp","href":"https:\/\/api.w.org\/{rel}","templated":true}]}}