{"id":186869,"date":"2020-01-06T13:33:14","date_gmt":"2020-01-06T16:33:14","guid":{"rendered":"https:\/\/www.redenoticia.com.br\/noticia\/?p=186869"},"modified":"2020-01-06T13:33:14","modified_gmt":"2020-01-06T16:33:14","slug":"resumo-novela-cumplices-de-um-resgate-07-01-marta-lobo-procura-rebeca","status":"publish","type":"post","link":"https:\/\/migracao.redenoticia.com.br\/noticia\/2020\/resumo-novela-cumplices-de-um-resgate-07-01-marta-lobo-procura-rebeca\/186869","title":{"rendered":"Resumo novela \u201cC\u00famplices de um Resgate\u201d 07\/01: Marta Lobo procura Rebeca"},"content":{"rendered":"<p><img loading=\"lazy\" decoding=\"async\" class=\"aligncenter size-large wp-image-164526\" src=\"https:\/\/migracao.redenoticia.com.br\/noticia\/imagens\/cumplices-de-um-resgate-001-316x300.jpg\" alt=\"\" width=\"316\" height=\"300\" srcset=\"https:\/\/migracao.redenoticia.com.br\/noticia\/imagens\/cumplices-de-um-resgate-001-316x300.jpg 316w, https:\/\/migracao.redenoticia.com.br\/noticia\/imagens\/cumplices-de-um-resgate-001-197x187.jpg 197w, https:\/\/migracao.redenoticia.com.br\/noticia\/imagens\/cumplices-de-um-resgate-001-150x143.jpg 150w, https:\/\/migracao.redenoticia.com.br\/noticia\/imagens\/cumplices-de-um-resgate-001.jpg 526w\" sizes=\"auto, (max-width: 316px) 100vw, 316px\" \/><\/p>\n<p><strong><em>Resumo novela \u201cC\u00famplices de um Resgate\u201d 07\/01<\/em><\/strong>: no cap\u00edtulo 263(*) da novela, ter\u00e7a-feira, 07 de janeiro, Regina diz para Geraldo que far\u00e1 Marina assinar um documento em que abre m\u00e3o da administra\u00e7\u00e3o do dinheiro de Isabela. A megera pensa que Marina realmente perdeu a mem\u00f3ria. Com o documento ela acredita que conseguir\u00e1 convencer Raul a passar a administra\u00e7\u00e3o da fortuna para ela. Manuela escuta toda a conversa e fica preocupada. No vilarejo, Sabrina assume a culpa pelos atos de Omar e diz que foi ela quem sabotou a sorveteria. Enquanto isso, Priscila n\u00e3o quer comer por acreditar estar gorda, mesmo sendo magra.<\/p>\n<p>Of\u00e9lio pega documento escondido no escrit\u00f3rio de Regina. Dinho est\u00e1 irritado e surta at\u00e9 mesmo com Meire. \u201cEu n\u00e3o sou mais o mesmo\u201d, diz Dinho, que sofre por Helena estar namorando Fausto. Assustada, Meire corre para o apartamento de Alicia e pede ajuda para ela. Of\u00e9lio conta para Manuela que conseguiu o documento da guarda de Isabela. Manuela diz que o amigo esqueceu de apagar o documento do computador dela e por isso precisam impedir que Regina saia da mans\u00e3o. Omar \u00e9 ingrato com a ajuda de Sabrina. Mesmo assim, Sabrina est\u00e1 confusa se est\u00e1 gostando de Omar.<\/p>\n<p>Marta Lobo vai at\u00e9 a casa de Rebeca pra falar com ela e dona Nina. A enfermeira conta que o \u00faltimo parto que ela fez foi o de Rebeca, mas antes de contar o motivo, Isabela aparece. Marta Lobo (Luciana Carnieli) vai embora. Giuseppe comemora que finalmente o bra\u00e7o de Fiorina volta a se mexer. Safira vai at\u00e9 a casa de seus pais. Fortunato e Aurora cobram dela uma resposta sobre o que ela fez com Priscila. Sabrina conta para D\u00f3ris que est\u00e1 triste por Omar n\u00e3o v\u00ea-la de outra maneira, por estar gostando dele. D\u00f3ris diz que ela deveria se declarar. Surtado, Dinho tenta matar Bartolomeu a pauladas. Meire aparece para salvar seu gato. Alicia tenta falar com ele, que se irrita. Todos fogem dele.<\/p>\n<p>(*) edi\u00e7\u00e3o do SBT, Novela \u201cC\u00famplices de um Resgate\u201d, sujeito a altera\u00e7\u00e3o de data e conte\u00fado.<\/p>\n<p>\u201cC\u00famplices de um Resgate\u201d &#8211; Duas irm\u00e3s g\u00eameas univitelinas que foram separadas ap\u00f3s nascimento, se reencontram somente ap\u00f3s doze anos. Manuela, uma das g\u00eameas, \u00e9 doce, meiga, gentil, e muito talentosa para a m\u00fasica e tem uma voz encantadora. Vive uma vida feliz no Vilarejo dos Sonhos, onde mora com sua av\u00f3 Nina, sua tia Helena e sua m\u00e3e Rebeca, que d\u00e1 muito amor e carinho a filha por ela nunca ter tido um pai, e ela \u00e9 a m\u00e3e biol\u00f3gica das duas garotas, mas nunca soube que teve g\u00eameas.<\/p>\n","protected":false},"excerpt":{"rendered":"<p>Resumo novela \u201cC\u00famplices de um Resgate\u201d 07\/01: no cap\u00edtulo 263(*) da novela, ter\u00e7a-feira, 07 de janeiro, Regina diz para Geraldo que far\u00e1 Marina assinar um documento em que abre m\u00e3o da administra\u00e7\u00e3o do dinheiro de Isabela. A megera pensa que Marina realmente perdeu a mem\u00f3ria. Com o documento ela acredita que conseguir\u00e1 convencer Raul a [&hellip;]<\/p>\n","protected":false},"author":4,"featured_media":164526,"comment_status":"open","ping_status":"closed","sticky":false,"template":"","format":"standard","meta":{"tdm_status":"","tdm_grid_status":"","footnotes":""},"categories":[379,372,343],"tags":[441],"class_list":{"0":"post-186869","1":"post","2":"type-post","3":"status-publish","4":"format-standard","5":"has-post-thumbnail","7":"category-novelas","8":"category-sbt","9":"category-televisao","10":"tag-resumo-do-dia"},"_links":{"self":[{"href":"https:\/\/migracao.redenoticia.com.br\/noticia\/wp-json\/wp\/v2\/posts\/186869","targetHints":{"allow":["GET"]}}],"collection":[{"href":"https:\/\/migracao.redenoticia.com.br\/noticia\/wp-json\/wp\/v2\/posts"}],"about":[{"href":"https:\/\/migracao.redenoticia.com.br\/noticia\/wp-json\/wp\/v2\/types\/post"}],"author":[{"embeddable":true,"href":"https:\/\/migracao.redenoticia.com.br\/noticia\/wp-json\/wp\/v2\/users\/4"}],"replies":[{"embeddable":true,"href":"https:\/\/migracao.redenoticia.com.br\/noticia\/wp-json\/wp\/v2\/comments?post=186869"}],"version-history":[{"count":0,"href":"https:\/\/migracao.redenoticia.com.br\/noticia\/wp-json\/wp\/v2\/posts\/186869\/revisions"}],"wp:featuredmedia":[{"embeddable":true,"href":"https:\/\/migracao.redenoticia.com.br\/noticia\/wp-json\/wp\/v2\/media\/164526"}],"wp:attachment":[{"href":"https:\/\/migracao.redenoticia.com.br\/noticia\/wp-json\/wp\/v2\/media?parent=186869"}],"wp:term":[{"taxonomy":"category","embeddable":true,"href":"https:\/\/migracao.redenoticia.com.br\/noticia\/wp-json\/wp\/v2\/categories?post=186869"},{"taxonomy":"post_tag","embeddable":true,"href":"https:\/\/migracao.redenoticia.com.br\/noticia\/wp-json\/wp\/v2\/tags?post=186869"}],"curies":[{"name":"wp","href":"https:\/\/api.w.org\/{rel}","templated":true}]}}